{"id":106,"date":"2004-03-25T09:27:32","date_gmt":"2004-03-25T07:27:32","guid":{"rendered":"http:\/\/www.anjameulenbelt.nl\/weblog\/?p=106"},"modified":"2004-03-25T09:27:32","modified_gmt":"2004-03-25T07:27:32","slug":"wedstrijdje-verpissen","status":"publish","type":"post","link":"https:\/\/www.anjameulenbelt.nl\/weblog\/2004\/03\/25\/wedstrijdje-verpissen\/","title":{"rendered":"Wedstrijdje verpissen"},"content":{"rendered":"<p>Paul Cliteur gaat zich erg inhouden, heeft hij gezegd, want hij is geschrokken van de nare dingen die er over hem worden gezegd. Nu is hij zelf een meester in het nare dingen zeggen over anderen, dus een beetje raar is het wel dat hij schrikt. Ik citeer er maar \u00e9\u00e9n, over Jacques Wallage:  &#8216;Waarom nemen we iemand als Wallage \u00fcberhaupt serieus? Die man had natuurlijk allang afgevoerd moeten worden.&#8217;<br \/>\nAfgevoerd. Hij zei het echt. <\/p>\n<p><!--more--><\/p>\n<p>De discussie tussen de &#8216;liberale jihad&#8217; aan de ene kant, en de &#8216;linkse kerk&#8217; en de &#8216;multiculturalisten&#8217; aan de andere kant krijgt steeds meer trekjes van een moddergevecht, van een wedstrijdje verpissen. Een discussie is het nauwelijks meer. Met scherp schieten, over de hoofden heen van de mensen waarover het heet te gaan. De migranten, moslims, vluchtelingen, allochtonen. Die zich liever stil terugtrekken en hopen dat de bui nog eens overwaait. Om er dan vervolgens van beschuldigd te worden dat ze nooit hun mond open doen. <\/p>\n<p>Jacques Wallage in VN:<br \/>\n&#8216;Als (het geloof) leidt tot uitwassen moet je optreden. Maar ik ben een man van emancipatie. Emancipatie is voor mij de belangrijkste reden geweest om de politiek in te gaan: voor arbeiders, vrouwen en dus ook migranten. De vraag is of je emancipatie bevordert door mensen in de fundamentalistische hoek te duwen. Wat de VVD doet- net als Fortuyn dat deed &#8211; is van dat emancipatievraagstuk om politieke redenen een cultuurclash te maken. Men organiseert angst. Daardoor wordt het probleem alleen maar groter&#8217;.<\/p>\n<p>en:<\/p>\n<p>&#8216;Dat is het afschuwelijke: de bonafide migrant krijgt de schuld van het gedrag van geteisem in de schoenen geschoven. Dat druist tegen elk gevoel voor rechtvaardigheid in. In dit land moet je islamiet kunnen zijn zonder dat je door een kamerlid van de VVD wordt belasterd&#8217;. <\/p>\n<p>In hetzelfde nummer van VN Thomas von der Dunk, over de angst voor de vreemdeling:<\/p>\n<p>&#8216;Iedere politicus die vanuit zijn Haagse studeerkamer voor strengheid pleit, zou zich de vraag moeten stellen of hij de behandeling die hij voor vreemdelingen voorstaat, fatsoenlijk zou achten wanneer hij er zelf elders als vreemdeling aan zou worden onderworpen. En of hij, nog veel belangrijker, werkelijk meent dat hij, wanneer hij Dakar of Jakarta als domicilie kiest, een poging om hem met dwang tot Afrikaan of Aziaat om te smeden lijdzaam zou ondergaan. Als hij zich dan realiseert dat dat bij hem fel verzet zou oproepen, zal hij niet aan de conclusie ontkomen dat een soortgelijke poging tot hardhandige hersenspoeling zijnerzijds in het geval van in Nederland belande vreemdelingen, ook slechts de omgekeerde uitkomst sorteert.&#8217; <\/p>\n","protected":false},"excerpt":{"rendered":"<p>Paul Cliteur gaat zich erg inhouden, heeft hij gezegd, want hij is geschrokken van de nare dingen die er over hem worden gezegd. Nu is hij zelf een meester in het nare dingen zeggen over anderen, dus een beetje raar &hellip; <a href=\"https:\/\/www.anjameulenbelt.nl\/weblog\/2004\/03\/25\/wedstrijdje-verpissen\/\">Lees verder <span class=\"meta-nav\">&rarr;<\/span><\/a><\/p>\n","protected":false},"author":2,"featured_media":0,"comment_status":"open","ping_status":"open","sticky":false,"template":"","format":"standard","meta":{"footnotes":"","_jetpack_memberships_contains_paid_content":false},"categories":[1,6],"tags":[],"jetpack_sharing_enabled":true,"jetpack_featured_media_url":"","_links":{"self":[{"href":"https:\/\/www.anjameulenbelt.nl\/weblog\/wp-json\/wp\/v2\/posts\/106"}],"collection":[{"href":"https:\/\/www.anjameulenbelt.nl\/weblog\/wp-json\/wp\/v2\/posts"}],"about":[{"href":"https:\/\/www.anjameulenbelt.nl\/weblog\/wp-json\/wp\/v2\/types\/post"}],"author":[{"embeddable":true,"href":"https:\/\/www.anjameulenbelt.nl\/weblog\/wp-json\/wp\/v2\/users\/2"}],"replies":[{"embeddable":true,"href":"https:\/\/www.anjameulenbelt.nl\/weblog\/wp-json\/wp\/v2\/comments?post=106"}],"version-history":[{"count":0,"href":"https:\/\/www.anjameulenbelt.nl\/weblog\/wp-json\/wp\/v2\/posts\/106\/revisions"}],"wp:attachment":[{"href":"https:\/\/www.anjameulenbelt.nl\/weblog\/wp-json\/wp\/v2\/media?parent=106"}],"wp:term":[{"taxonomy":"category","embeddable":true,"href":"https:\/\/www.anjameulenbelt.nl\/weblog\/wp-json\/wp\/v2\/categories?post=106"},{"taxonomy":"post_tag","embeddable":true,"href":"https:\/\/www.anjameulenbelt.nl\/weblog\/wp-json\/wp\/v2\/tags?post=106"}],"curies":[{"name":"wp","href":"https:\/\/api.w.org\/{rel}","templated":true}]}}