{"id":110714,"date":"2015-11-16T11:15:37","date_gmt":"2015-11-16T10:15:37","guid":{"rendered":"http:\/\/www.anjameulenbelt.nl\/weblog\/?p=110714"},"modified":"2015-11-16T13:34:53","modified_gmt":"2015-11-16T12:34:53","slug":"die-wonen-in-schaduw-van-dood","status":"publish","type":"post","link":"https:\/\/www.anjameulenbelt.nl\/weblog\/2015\/11\/16\/die-wonen-in-schaduw-van-dood\/","title":{"rendered":"Die wonen in schaduw van dood"},"content":{"rendered":"<p><a href=\"https:\/\/www.anjameulenbelt.nl\/weblog\/wp-content\/uploads\/2015\/11\/JanDuifklein5of-1.jpg\"><img loading=\"lazy\" decoding=\"async\" src=\"https:\/\/www.anjameulenbelt.nl\/weblog\/wp-content\/uploads\/2015\/11\/JanDuifklein5of-1.jpg\" alt=\"JanDuifklein(5of 1)\" width=\"500\" height=\"376\" class=\"alignnone size-full wp-image-110721\" srcset=\"https:\/\/www.anjameulenbelt.nl\/weblog\/wp-content\/uploads\/2015\/11\/JanDuifklein5of-1.jpg 500w, https:\/\/www.anjameulenbelt.nl\/weblog\/wp-content\/uploads\/2015\/11\/JanDuifklein5of-1-300x225.jpg 300w\" sizes=\"(max-width: 500px) 100vw, 500px\" \/><\/a><\/p>\n<p>De Duif, 15 november 2015. Jan Andreae leidt te dienst, voorlopig voor de laatste keer, samen met J\u00f6rgen Gario. We zingen:<br \/>\n<!--more--><\/p>\n<p><em>Het volk dat in duisternis gaat<br \/>\nzal aanschouwen groot licht.<br \/>\nDie wonen in schaduw van dood,<br \/>\nover hen gaat het licht.<\/em><\/p>\n<p><a href=\"https:\/\/www.anjameulenbelt.nl\/weblog\/wp-content\/uploads\/2015\/11\/JanDuifklein1of-1.jpg\"><img loading=\"lazy\" decoding=\"async\" src=\"https:\/\/www.anjameulenbelt.nl\/weblog\/wp-content\/uploads\/2015\/11\/JanDuifklein1of-1.jpg\" alt=\"JanDuifklein(1of 1)\" width=\"500\" height=\"331\" class=\"alignnone size-full wp-image-110717\" srcset=\"https:\/\/www.anjameulenbelt.nl\/weblog\/wp-content\/uploads\/2015\/11\/JanDuifklein1of-1.jpg 500w, https:\/\/www.anjameulenbelt.nl\/weblog\/wp-content\/uploads\/2015\/11\/JanDuifklein1of-1-300x198.jpg 300w\" sizes=\"(max-width: 500px) 100vw, 500px\" \/><\/a><\/p>\n<p><a href=\"https:\/\/www.anjameulenbelt.nl\/weblog\/wp-content\/uploads\/2015\/11\/JanDuifklein3of-1.jpg\"><img loading=\"lazy\" decoding=\"async\" src=\"https:\/\/www.anjameulenbelt.nl\/weblog\/wp-content\/uploads\/2015\/11\/JanDuifklein3of-1.jpg\" alt=\"JanDuifklein(3of 1)\" width=\"500\" height=\"350\" class=\"alignnone size-full wp-image-110719\" srcset=\"https:\/\/www.anjameulenbelt.nl\/weblog\/wp-content\/uploads\/2015\/11\/JanDuifklein3of-1.jpg 500w, https:\/\/www.anjameulenbelt.nl\/weblog\/wp-content\/uploads\/2015\/11\/JanDuifklein3of-1-300x210.jpg 300w\" sizes=\"(max-width: 500px) 100vw, 500px\" \/><\/a><\/p>\n<p><a href=\"https:\/\/www.anjameulenbelt.nl\/weblog\/wp-content\/uploads\/2015\/11\/JanDuifklein4of-1.jpg\"><img loading=\"lazy\" decoding=\"async\" src=\"https:\/\/www.anjameulenbelt.nl\/weblog\/wp-content\/uploads\/2015\/11\/JanDuifklein4of-1.jpg\" alt=\"JanDuifklein(4of 1)\" width=\"500\" height=\"331\" class=\"alignnone size-full wp-image-110720\" srcset=\"https:\/\/www.anjameulenbelt.nl\/weblog\/wp-content\/uploads\/2015\/11\/JanDuifklein4of-1.jpg 500w, https:\/\/www.anjameulenbelt.nl\/weblog\/wp-content\/uploads\/2015\/11\/JanDuifklein4of-1-300x198.jpg 300w\" sizes=\"(max-width: 500px) 100vw, 500px\" \/><\/a><\/p>\n<p><a href=\"https:\/\/www.anjameulenbelt.nl\/weblog\/wp-content\/uploads\/2015\/11\/JanDuifklein6of-1.jpg\"><img loading=\"lazy\" decoding=\"async\" src=\"https:\/\/www.anjameulenbelt.nl\/weblog\/wp-content\/uploads\/2015\/11\/JanDuifklein6of-1.jpg\" alt=\"JanDuifklein(6of 1)\" width=\"500\" height=\"331\" class=\"alignnone size-full wp-image-110722\" srcset=\"https:\/\/www.anjameulenbelt.nl\/weblog\/wp-content\/uploads\/2015\/11\/JanDuifklein6of-1.jpg 500w, https:\/\/www.anjameulenbelt.nl\/weblog\/wp-content\/uploads\/2015\/11\/JanDuifklein6of-1-300x198.jpg 300w\" sizes=\"(max-width: 500px) 100vw, 500px\" \/><\/a><\/p>\n<p><a href=\"https:\/\/www.anjameulenbelt.nl\/weblog\/wp-content\/uploads\/2015\/11\/JanDuifklein7of-1.jpg\"><img loading=\"lazy\" decoding=\"async\" src=\"https:\/\/www.anjameulenbelt.nl\/weblog\/wp-content\/uploads\/2015\/11\/JanDuifklein7of-1.jpg\" alt=\"JanDuifklein(7of 1)\" width=\"500\" height=\"331\" class=\"alignnone size-full wp-image-110723\" srcset=\"https:\/\/www.anjameulenbelt.nl\/weblog\/wp-content\/uploads\/2015\/11\/JanDuifklein7of-1.jpg 500w, https:\/\/www.anjameulenbelt.nl\/weblog\/wp-content\/uploads\/2015\/11\/JanDuifklein7of-1-300x198.jpg 300w\" sizes=\"(max-width: 500px) 100vw, 500px\" \/><\/a><\/p>\n<p><a href=\"https:\/\/www.anjameulenbelt.nl\/weblog\/wp-content\/uploads\/2015\/11\/JanDuifklein8of-1.jpg\"><img loading=\"lazy\" decoding=\"async\" src=\"https:\/\/www.anjameulenbelt.nl\/weblog\/wp-content\/uploads\/2015\/11\/JanDuifklein8of-1.jpg\" alt=\"JanDuifklein(8of 1)\" width=\"500\" height=\"343\" class=\"alignnone size-full wp-image-110724\" srcset=\"https:\/\/www.anjameulenbelt.nl\/weblog\/wp-content\/uploads\/2015\/11\/JanDuifklein8of-1.jpg 500w, https:\/\/www.anjameulenbelt.nl\/weblog\/wp-content\/uploads\/2015\/11\/JanDuifklein8of-1-300x205.jpg 300w\" sizes=\"(max-width: 500px) 100vw, 500px\" \/><\/a><\/p>\n<p><a href=\"https:\/\/www.anjameulenbelt.nl\/weblog\/wp-content\/uploads\/2015\/11\/JanDuifklein9of-1.jpg\"><img loading=\"lazy\" decoding=\"async\" src=\"https:\/\/www.anjameulenbelt.nl\/weblog\/wp-content\/uploads\/2015\/11\/JanDuifklein9of-1.jpg\" alt=\"JanDuifklein(9of 1)\" width=\"500\" height=\"418\" class=\"alignnone size-full wp-image-110725\" srcset=\"https:\/\/www.anjameulenbelt.nl\/weblog\/wp-content\/uploads\/2015\/11\/JanDuifklein9of-1.jpg 500w, https:\/\/www.anjameulenbelt.nl\/weblog\/wp-content\/uploads\/2015\/11\/JanDuifklein9of-1-300x250.jpg 300w\" sizes=\"(max-width: 500px) 100vw, 500px\" \/><\/a><\/p>\n<p>We bidden met Jan:<br \/>\n<em>We bidden vandaag niet alleen voor Parijs.<br \/>\nWe bidden voor de wereld.<br \/>\nWe bidden voor de aanslagen in Beiroet, wij bidden voor de aanslag bij een begrafenis in Bagdad.<br \/>\nWij bidden voor een wereld die vluchtelingen beschuldigd van terroristische aanslagen, waarin geen onderscheid wordt gemaakt tussen daders en zij die op de vlucht zijn voor daders.<br \/>\nWij bidden voor een wereld waar mensen maandenlang door landen lopen met hun schamele bezittingen op hun rug en niet weten waar te gaan.<br \/>\nWij bidden voor een wereld die uiteen aan het vallen is<br \/>\n<\/em><\/p>\n<p>De dienst is opgedragen aan onze vluchtelingen. Ze zijn met bussen uit hun AZC naar de Duif gekomen, de kerk was zelden zo vol. We lezen Leviticus, natuurlijk, om ons er aan te herinneren dat wij zelf vreemdeling zijn geweest in Egypte.  <\/p>\n<p>We spreken de geloofsbelijdenis uit: Ik zal niet geloven dat ik de verdrukking daar kan bestrijden als ik onrecht hier laat bestaan. Maar ik wil geloven dat recht \u00e9\u00e9n is, hier \u00e9n daar, dat ik niet vrij ben zolang er nog \u00e9\u00e9n mens slaaf is. <\/p>\n<p>We zingen:<\/p>\n<p><em>Om zijnentwil zie ons, dit uur bijeen.<br \/>\nZie alle stervelingen van de wereld,<br \/>\nwaar onze doden zijn, verkoold, verwaaid,<br \/>\nvragen wij U: hebt Gij hen gezien?<\/p>\n<p>Waarom genadeloos vernietigd worden<br \/>\nde armsten van de wereld, uw geliefden:<br \/>\nwaarom wij die met weinigen bezitten<br \/>\nwat allen toebehoort, uw woord niet doen,<\/p>\n<p>geen wereld maken die in vrede is,<br \/>\neen nieuwe orde van gerechtigheid-<br \/>\nGij die ons heeft gezegd wat leven is:<br \/>\nte doen wat goed is, recht, elkaar bevrijden.<br \/>\n<\/em><\/p>\n<p><a href=\"https:\/\/www.anjameulenbelt.nl\/weblog\/wp-content\/uploads\/2015\/11\/JanDuifklein10of-1.jpg\"><img loading=\"lazy\" decoding=\"async\" src=\"https:\/\/www.anjameulenbelt.nl\/weblog\/wp-content\/uploads\/2015\/11\/JanDuifklein10of-1.jpg\" alt=\"JanDuifklein(10of 1)\" width=\"500\" height=\"377\" class=\"alignnone size-full wp-image-110726\" srcset=\"https:\/\/www.anjameulenbelt.nl\/weblog\/wp-content\/uploads\/2015\/11\/JanDuifklein10of-1.jpg 500w, https:\/\/www.anjameulenbelt.nl\/weblog\/wp-content\/uploads\/2015\/11\/JanDuifklein10of-1-300x226.jpg 300w\" sizes=\"(max-width: 500px) 100vw, 500px\" \/><\/a><\/p>\n<p><a href=\"https:\/\/www.anjameulenbelt.nl\/weblog\/wp-content\/uploads\/2015\/11\/JanDuifklein11of-1.jpg\"><img loading=\"lazy\" decoding=\"async\" src=\"https:\/\/www.anjameulenbelt.nl\/weblog\/wp-content\/uploads\/2015\/11\/JanDuifklein11of-1.jpg\" alt=\"JanDuifklein(11of 1)\" width=\"500\" height=\"331\" class=\"alignnone size-full wp-image-110727\" srcset=\"https:\/\/www.anjameulenbelt.nl\/weblog\/wp-content\/uploads\/2015\/11\/JanDuifklein11of-1.jpg 500w, https:\/\/www.anjameulenbelt.nl\/weblog\/wp-content\/uploads\/2015\/11\/JanDuifklein11of-1-300x198.jpg 300w\" sizes=\"(max-width: 500px) 100vw, 500px\" \/><\/a><\/p>\n<p><a href=\"https:\/\/www.anjameulenbelt.nl\/weblog\/wp-content\/uploads\/2015\/11\/JanDuifklein12of-1.jpg\"><img loading=\"lazy\" decoding=\"async\" src=\"https:\/\/www.anjameulenbelt.nl\/weblog\/wp-content\/uploads\/2015\/11\/JanDuifklein12of-1.jpg\" alt=\"JanDuifklein(12of 1)\" width=\"500\" height=\"374\" class=\"alignnone size-full wp-image-110728\" srcset=\"https:\/\/www.anjameulenbelt.nl\/weblog\/wp-content\/uploads\/2015\/11\/JanDuifklein12of-1.jpg 500w, https:\/\/www.anjameulenbelt.nl\/weblog\/wp-content\/uploads\/2015\/11\/JanDuifklein12of-1-300x224.jpg 300w\" sizes=\"(max-width: 500px) 100vw, 500px\" \/><\/a><\/p>\n<p><a href=\"https:\/\/www.anjameulenbelt.nl\/weblog\/wp-content\/uploads\/2015\/11\/JanDuifklein13of-1.jpg\"><img loading=\"lazy\" decoding=\"async\" src=\"https:\/\/www.anjameulenbelt.nl\/weblog\/wp-content\/uploads\/2015\/11\/JanDuifklein13of-1.jpg\" alt=\"JanDuifklein(13of 1)\" width=\"500\" height=\"331\" class=\"alignnone size-full wp-image-110729\" srcset=\"https:\/\/www.anjameulenbelt.nl\/weblog\/wp-content\/uploads\/2015\/11\/JanDuifklein13of-1.jpg 500w, https:\/\/www.anjameulenbelt.nl\/weblog\/wp-content\/uploads\/2015\/11\/JanDuifklein13of-1-300x198.jpg 300w\" sizes=\"(max-width: 500px) 100vw, 500px\" \/><\/a><\/p>\n<p><a href=\"https:\/\/www.anjameulenbelt.nl\/weblog\/wp-content\/uploads\/2015\/11\/JanDuifklein14of-1.jpg\"><img loading=\"lazy\" decoding=\"async\" src=\"https:\/\/www.anjameulenbelt.nl\/weblog\/wp-content\/uploads\/2015\/11\/JanDuifklein14of-1.jpg\" alt=\"JanDuifklein(14of 1)\" width=\"500\" height=\"331\" class=\"alignnone size-full wp-image-110730\" srcset=\"https:\/\/www.anjameulenbelt.nl\/weblog\/wp-content\/uploads\/2015\/11\/JanDuifklein14of-1.jpg 500w, https:\/\/www.anjameulenbelt.nl\/weblog\/wp-content\/uploads\/2015\/11\/JanDuifklein14of-1-300x198.jpg 300w\" sizes=\"(max-width: 500px) 100vw, 500px\" \/><\/a><\/p>\n<p>Jan spreekt de zegen uit.<br \/>\nEn dan is er een tafel vol met eten, en de mogelijkheid om kennis te maken, gevestigden en vluchtelingen met elkaar. <\/p>\n","protected":false},"excerpt":{"rendered":"<p>De Duif, 15 november 2015. Jan Andreae leidt te dienst, voorlopig voor de laatste keer, samen met J\u00f6rgen Gario. We zingen:<\/p>\n","protected":false},"author":2,"featured_media":0,"comment_status":"closed","ping_status":"closed","sticky":false,"template":"","format":"standard","meta":{"footnotes":"","_jetpack_memberships_contains_paid_content":false},"categories":[1],"tags":[],"jetpack_sharing_enabled":true,"jetpack_featured_media_url":"","_links":{"self":[{"href":"https:\/\/www.anjameulenbelt.nl\/weblog\/wp-json\/wp\/v2\/posts\/110714"}],"collection":[{"href":"https:\/\/www.anjameulenbelt.nl\/weblog\/wp-json\/wp\/v2\/posts"}],"about":[{"href":"https:\/\/www.anjameulenbelt.nl\/weblog\/wp-json\/wp\/v2\/types\/post"}],"author":[{"embeddable":true,"href":"https:\/\/www.anjameulenbelt.nl\/weblog\/wp-json\/wp\/v2\/users\/2"}],"replies":[{"embeddable":true,"href":"https:\/\/www.anjameulenbelt.nl\/weblog\/wp-json\/wp\/v2\/comments?post=110714"}],"version-history":[{"count":4,"href":"https:\/\/www.anjameulenbelt.nl\/weblog\/wp-json\/wp\/v2\/posts\/110714\/revisions"}],"predecessor-version":[{"id":110762,"href":"https:\/\/www.anjameulenbelt.nl\/weblog\/wp-json\/wp\/v2\/posts\/110714\/revisions\/110762"}],"wp:attachment":[{"href":"https:\/\/www.anjameulenbelt.nl\/weblog\/wp-json\/wp\/v2\/media?parent=110714"}],"wp:term":[{"taxonomy":"category","embeddable":true,"href":"https:\/\/www.anjameulenbelt.nl\/weblog\/wp-json\/wp\/v2\/categories?post=110714"},{"taxonomy":"post_tag","embeddable":true,"href":"https:\/\/www.anjameulenbelt.nl\/weblog\/wp-json\/wp\/v2\/tags?post=110714"}],"curies":[{"name":"wp","href":"https:\/\/api.w.org\/{rel}","templated":true}]}}