{"id":113720,"date":"2024-03-15T09:14:22","date_gmt":"2024-03-15T08:14:22","guid":{"rendered":"https:\/\/www.anjameulenbelt.nl\/weblog\/?p=113720"},"modified":"2024-03-16T17:19:57","modified_gmt":"2024-03-16T16:19:57","slug":"het-zionisme-afleren","status":"publish","type":"post","link":"https:\/\/www.anjameulenbelt.nl\/weblog\/2024\/03\/15\/het-zionisme-afleren\/","title":{"rendered":"Het zionisme afleren"},"content":{"rendered":"\n<figure class=\"wp-block-image size-full is-resized\"><a href=\"https:\/\/www.anjameulenbelt.nl\/weblog\/wp-content\/uploads\/2024\/03\/68601_10151176881371519_1980718709_n.jpeg\"><img loading=\"lazy\" decoding=\"async\" width=\"500\" height=\"400\" src=\"https:\/\/www.anjameulenbelt.nl\/weblog\/wp-content\/uploads\/2024\/03\/68601_10151176881371519_1980718709_n.jpeg\" alt=\"\" class=\"wp-image-113735\" style=\"width:604px;height:auto\" srcset=\"https:\/\/www.anjameulenbelt.nl\/weblog\/wp-content\/uploads\/2024\/03\/68601_10151176881371519_1980718709_n.jpeg 500w, https:\/\/www.anjameulenbelt.nl\/weblog\/wp-content\/uploads\/2024\/03\/68601_10151176881371519_1980718709_n-300x240.jpeg 300w, https:\/\/www.anjameulenbelt.nl\/weblog\/wp-content\/uploads\/2024\/03\/68601_10151176881371519_1980718709_n-375x300.jpeg 375w\" sizes=\"(max-width: 500px) 100vw, 500px\" \/><\/a><\/figure>\n\n\n\n<p>WE MOETEN HET ZIONISME AFLEREN!  Op 29 januari 24 was er een bijzondere bijeenkomst in Pakhuis de Zwijger, een avond in de serie <em>Justice for Palestine<\/em>. Onder de titel <em>Het zionisme afleren <\/em>zat daar een panel van vijf kritische, en dus anti-zionistische joden. Jaap Hamburger, voorzitter van Een Ander Joods geluid, Erella Grassiani, van Gate 48 &#8211; kritische Israeli&#8217;s in Nederland- , Jelle Zijlstra van Humanity in Action, Markha Valenta, assistent professor politieke wetenschappen en Joana Cavaco, van de nog jonge groep van kritische joden Erev Rav. Onder leiding van Chris de Ploeg gingen ze met elkaar in gesprek, en met een bomvolle zaal. Dit hebben we nog niet eerder meegemaakt, en ik was diep geraakt. Er komt nog een uitgebreider verslag, er is gefilmd. Maar voor nu geef ik jullie (met toestemming van Jaap) een ingekorte versie van de toespraak die hij hield &#8211; in naam van alle vijf de joodse deelnemers.&nbsp;<\/p>\n\n\n\n<p>Geachte aanwezigen,<\/p>\n\n\n\n<!--more-->\n\n\n\n<p>Het thema voor deze avond is de noodzaak ons te ontdoen van het Zionisme, persoonlijk, als joden, maar vooral als samenleving. Het Zionisme bepaalt immers in belangrijke mate de houding die ingenomen wordt tegenover Isra\u00ebl door de Nederlandse politiek en door overheid en regering. Zij worden hiermee constant gevoed, door organisaties, partijen en personen die zich veelal als \u2018joods\u2019 of als \u2018christelijk\u2019 presenteren maar in feite primair of zelfs uitsluitend Zionistisch zijn. Een paar voorbeelden. Het Centraal Joods Overleg ontpopt zich als een Zionistische belangenorganisatie, waarvoor het niet is opgericht, ik kom daar op terug, de ChristenUnie en de SGP zijn inzake Isra\u00ebl\/Palestina allesbehalve christelijk, zelfs christelijke Palestijnen laten zij als een baksteen zakken, Christenen voor Isra\u00ebl verraden at the end of the day alles wat christelijk en joods mag heten en de zich opperrabbijn noemende Binyomin Jacobs is niet anders dan een in het zwart geklede opperzionist, die zichzelf zonder voorbehoud als boegbeeld heeft uitgeleverd aan de Christenen voor Isra\u00ebl en daarmee de ultieme verrader is van het juda\u00efsme.&nbsp;<\/p>\n\n\n\n<p>Als panelleden beschouwen wij het Zionisme als een in de 19e eeuw wortelende koloniale superioriteitsleer die de belangen van joden onder alle omstandigheden hoger acht dan die van alle andere mensen. Daarmee is het Zionisme strijdig met de hedendaagse opvatting, dat mensenrechten universeel en ondeelbaar zijn. Belichaamd in de Yeshuv, de proto-Isra\u00eblische staat, leidde het Zionisme al vanaf eind november 1947, dus nog voor de uitroeping van die staat in mei 1948, tot verdrijving van niet-joodse bewoners uit delen van het gebied dat thans Isra\u00ebl heet.&nbsp;<\/p>\n\n\n\n<p>Het bepalende kenmerk van het Zionisme is, dat het een verdringingsleer propageert en praktiseert. Joden leven in die opvatting niet naast Palestijnen, maar nemen op den duur hun ruimte in. In de literatuur heet dat settler colonialism, verdringingskolonialisme. D\u00e0t is de diepere reden van de weigering van Isra\u00ebl om een tweestatenoplossing te willen. De plaats van Palestijnen zal worden ingenomen door joden en Palestijnen moeten eenvoudigweg verdwijnen. De zeer recente uitingen van Isra\u00eblische politici over de toekomst van Gaza -ontdaan van Palestijnen &#8211; spreken boekdelen. D\u00e0t is waarom sumud een Palestijns kernbegrip is, je niet van je plaats laten verdringen, vasthoudendheid. Opkomen voor Palestijnen geldt voor Zionisten als \u2018antisemitisch\u2019. Opkomen voor Palestijnen in onze optiek betekent evenwel de noodzaak het Zionisme ten principale ondergeschikt te maken aan mensenrechten en die voorop te stellen. Er bestaat voor ons geen Palestinian exception. Solidariteit met de Palestijnse zaak begint met het delven van een diep graf voor het Zionisme.<\/p>\n\n\n\n<p>Het is vanavond mijn treurige voorrecht om namens de hier aanwezige joodse panelleden onze diep gevoelde ontzetting en woede uit te mogen spreken over wat de Isra\u00eblische regering sedert 7 oktober 2023 aanricht onder de burgerbevolking van Gaza. Ik doe dat namens hen maar ook namens ongekend veel andere Nederlandse en in Nederland wonende Isra\u00eblische en andere joden die ik hier allen aanwezig zou wensen. Bijvoorbeeld namens het bij u minder bekende Erev Rav, ge\u00efnitieerd door de Haagse Yuval Gal die het jaren geleden al onmogelijk vond in Isra\u00ebl te leven en die zijn bestaan in Nederland heeft opgebouwd. Erev Rav was aanwezig in Den Haag bij het betuigen van steun aan de Zuid-Afrikaanse genocideaanklacht bij het IGH. Ik denk aan de joodse academici die zich in een brief krachtig &#8211; en tegelijk prachtig &#8211; hebben uitgesproken tegen de verwoesting van Gaza en de laffe, massale moord op tienduizenden Palestijnen daar. Ik denk aan het recente artikel in Het Parool waarin Isra\u00ebli\u2019s en Palestijnen opriepen tot een staakt het vuren. Ik mag de sit-in\u2019s op stations memoreren, met op de achtergrond meerdere organisatoren van joodse komaf. Ik meld u dat joden in diverse NGO\u2019s dag en nacht werken om u de werkelijkheid van Gaza onverbloemd voor te houden. Ik spreek hier ook, met in gedachten de vele joden die op geen enkele wijze georganiseerd zijn, maar onderling bellen om bij elkaar uit te huilen in een poging de onverdraaglijke beelden uit Gaza draaglijk te maken door die te delen. Gedeelde smart is halve smart.\u00a0<\/p>\n\n\n\n<p>En ik doe dit in grimmige verontwaardiging over het verraad v\/d offici\u00eble joodse en christelijk-Zionistische instanties en organisaties in Nederland die onder onze ogen schaamteloos doorgaan Isra\u00ebl een blanco cheque te verschaffen voor het plegen van massamoord op niet-joden, op Palestijnen. Het zijn aan joodse zijde meest dezelfde instanties die al moord en brand en \u2018antisemitisme\u2019 schreeuwen, als er een Davidster op een blinde muur aan het eind van een doodlopende steeg wordt gespoten of een grafsteen op een joodse begraafplaats omver wordt geduwd, dezelfde instanties die afgelopen 9 november met een vroom gezicht in de Portugese synagoge het \u2018nooit meer\u2019 van de kostbare Kristallnachtherdenking voorgoed tot een g\u00eanante aanfluiting hebben gemaakt.&nbsp;<\/p>\n\n\n\n<p>Voor deze instanties geen beter leed dan joods leed. Een voorbeeld. In plaats van zich maar \u00e9\u00e9n moment te bezinnen op de massamoord op de bewoners van Gaza die 9 november al een maand onverdroten gaande was, hield de voorzitter van het organiserende Centraal Joods Overleg Chanan Hertzberger in de Portugese synagoge op 9 november een toespraak waarin elke medemenselijkheid ontbrak, een toespraak die opriep tot oorlogvoering, een toespraak die de boeken ingaat als een dieptepunt van ongegeneerd joods narcistisch zelfbeklag. Het was een toespraak die duidelijk maakte hoe makkelijk het onnadenkend en als vanzelfsprekend cultiveren van historisch slachtofferschap mensen kan doen verkeren in wegkijkers, of collaborerende daders in het heden.&nbsp;<\/p>\n\n\n\n<p>De offici\u00eble joodse instanties, dat zijn het CJO en alle negen daarbij aangesloten organisaties steunen de verwoesting van Gaza, nemen er in ieder geval publiekelijk geen afstand van. De Christen-Zionisten, van Christenen voor Isra\u00ebl en Stand with Us tot de christelijke politieke partijen, zij buitelen in hun Zionistische geloofsijver over elkaar heen. Voortgaande massamoord voltrokken aan de Palestijnen in Gaza beroert hen niet, behalve als supporter. Ik zie hen stuk voor stuk als collaborateurs, die elke aanspraak op representativiteit, respectabiliteit of moreel gezag hebben verloren.&nbsp;<\/p>\n\n\n\n<p>Officieel joods, lees: Zionistisch Nederland, is chronisch en ongeneeslijk ziek, de geest verduisterd, het hart versteend door zelf gekozen loyaliteit aan het Zionisme en aan Isra\u00ebl dat zich ontpopt heeft als een schurkenstaat in de voorste rij. Officieel joods Nederland moet van de grond af opnieuw opgebouwd worden, op basis van respect voor mensenrechten, die universeel en ondeelbaar zijn. De leidraad hoort de &#8216;gulden regel&#8217; te zijn, in ons land teruggebracht tot het \u2018wat gij niet wilt dat U geschiedt, doe dat ook een ander niet\u2019. In het juda\u00efsme komt het gebod van rabbijn &#8211; ja, toen wel! &#8211; van rabbijn Akiba Ben-Jozef uit de tweede eeuw.&nbsp;<\/p>\n\n\n\n<figure class=\"wp-block-image size-full\"><a href=\"https:\/\/www.anjameulenbelt.nl\/weblog\/wp-content\/uploads\/2024\/03\/424583269_10160756310221519_2620367728982505839_n-1.jpeg\"><img loading=\"lazy\" decoding=\"async\" width=\"600\" height=\"526\" src=\"https:\/\/www.anjameulenbelt.nl\/weblog\/wp-content\/uploads\/2024\/03\/424583269_10160756310221519_2620367728982505839_n-1.jpeg\" alt=\"\" class=\"wp-image-113739\" srcset=\"https:\/\/www.anjameulenbelt.nl\/weblog\/wp-content\/uploads\/2024\/03\/424583269_10160756310221519_2620367728982505839_n-1.jpeg 600w, https:\/\/www.anjameulenbelt.nl\/weblog\/wp-content\/uploads\/2024\/03\/424583269_10160756310221519_2620367728982505839_n-1-300x263.jpeg 300w, https:\/\/www.anjameulenbelt.nl\/weblog\/wp-content\/uploads\/2024\/03\/424583269_10160756310221519_2620367728982505839_n-1-342x300.jpeg 342w\" sizes=\"(max-width: 600px) 100vw, 600px\" \/><\/a><\/figure>\n\n\n\n<p>De plechtige parade, de dito toespraken gisteren tijdens de nationale Auschwitz-herdenking, die ik hoog acht want ook meerdere familieleden van mij rusten in dat G\u2019d-vergeten oord, bevestigden andermaal alles wat al zo duidelijk was sedert de Kristallnachtherdenking 9 november: we kunnen gedisciplineerd HER-denken maar kunnen we ook GE-denken? Kunnen we het besef opbrengen dat de brede context van \u2018nooit meer Auschwitz&#8217; van ons vraagt dat we niet alleen OM-zien maar ook OM ONS HEEN zien? Kunnen we een verbinding maken tussen de menselijkheid die wij alsnog en terecht opeisen voor destijds vermoorde joden en de menselijkheid van Palestijnen die gisteren en vannacht en morgen door toedoen van Isra\u00ebl en Amerika vermoord worden? Wat staat ons hier in de weg? Trauma? Joodse groepsdwang? Onvermogen om joods leed en de joodse navel al is het maar voor even, vaarwel te zeggen? Misplaatste idee\u00ebn van eigen superioriteit? Vrees dat de buitenwereld zich tegen Isra\u00ebl of \u2018de joden\u2019 zal keren? Trouw aan het Zionisme?\u00a0<\/p>\n\n\n\n<p>Onze premier heeft vanaf 7 oktober de verkeerde kant gekozen. Zijn \u201cwe hebben dit niet zo heel vaak meegemaakt, dat dit conflict zich richt op heel gewone mensen\u201d was tenenkrommend. Zoals Ramsey Nasr ons heeft uitgelegd, de premier ziet in Isra\u00ebli\u2019s kennelijk w\u00e8l gewone mensen maar in Palestijnen die al 75 jaar door dit conflict geraakt worden, niet. Het \u2018geen ja maar, nu even alle kritiek op Isra\u00ebl inslikken&#8217; was een opzichtige fout. Als historicus heeft hij in zijn analyse van die dag, als uit de hand gelopen uitbarsting van 75 jaar woede door onderdrukking, hopeloos gefaald. We zijn nu 30 duizend doodgebombardeerde grotendeels weerloze Palestijnen verder, we zijn 70.000 gewonde en voorgoed verminkte bewoners van Gaza verder. We zijn ongetelde aantallen ouders zonder kinderen verder, en kinderen zonder ouders. Met steun van Biden, president van &#8216;de grootste democratie ter wereld\u2019 raast de zionistische Vernichtungskrieg voort. In de bevriende &#8216;enige democratie in het Midden Oosten\u2019 is de Stahlhelm van weleer een keppel geworden.<\/p>\n\n\n\n<p>Met de verwoesting van Gaza en de moord op tienduizenden in enkele maanden tijd, delft het zionisme zijn eigen graf. Wij zullen ons in de nabije toekomst ook buitenparlementair moeten organiseren, en daarbij alle geoorloofde middelen moeten inzetten om Palestijnen te blijven steunen en de Palestijnse zaak op de Nederlandse agenda te houden. We zullen waar mogelijk bondgenootschappen moeten sluiten. We zullen vooral de kloof tussen de publieke perceptie en sympathie voor de Palestijnse zaak ener- en de opvattingen die het PVV-kabinet daarover straks ventileert anderzijds, z\u00f2 gapend wijd moeten maken, dat de hele politieke klasse daar met luid geraas in verdwijnt, om nooit meer op te duiken. Ik hoop dat u er enig vertrouwen in wilt behouden dat wij antizionistische joden bereid zijn voorop te gaan in de up-hill battle die ons in dit PVV-land nog te wachten staat.&nbsp;<\/p>\n\n\n\n<p>Dank u, dank u wel, dank u zeer.<\/p>\n\n\n\n<p>J. Hamburger 29-01-2024<\/p>\n\n\n\n<p><\/p>\n","protected":false},"excerpt":{"rendered":"<p>WE MOETEN HET ZIONISME AFLEREN! Op 29 januari 24 was er een bijzondere bijeenkomst in Pakhuis de Zwijger, een avond in de serie Justice for Palestine. Onder de titel Het zionisme afleren zat daar een panel van vijf kritische, en &hellip; <a href=\"https:\/\/www.anjameulenbelt.nl\/weblog\/2024\/03\/15\/het-zionisme-afleren\/\">Lees verder <span class=\"meta-nav\">&rarr;<\/span><\/a><\/p>\n","protected":false},"author":2,"featured_media":0,"comment_status":"open","ping_status":"","sticky":false,"template":"","format":"standard","meta":{"footnotes":"","_jetpack_memberships_contains_paid_content":false},"categories":[1],"tags":[],"jetpack_sharing_enabled":true,"jetpack_featured_media_url":"","_links":{"self":[{"href":"https:\/\/www.anjameulenbelt.nl\/weblog\/wp-json\/wp\/v2\/posts\/113720"}],"collection":[{"href":"https:\/\/www.anjameulenbelt.nl\/weblog\/wp-json\/wp\/v2\/posts"}],"about":[{"href":"https:\/\/www.anjameulenbelt.nl\/weblog\/wp-json\/wp\/v2\/types\/post"}],"author":[{"embeddable":true,"href":"https:\/\/www.anjameulenbelt.nl\/weblog\/wp-json\/wp\/v2\/users\/2"}],"replies":[{"embeddable":true,"href":"https:\/\/www.anjameulenbelt.nl\/weblog\/wp-json\/wp\/v2\/comments?post=113720"}],"version-history":[{"count":8,"href":"https:\/\/www.anjameulenbelt.nl\/weblog\/wp-json\/wp\/v2\/posts\/113720\/revisions"}],"predecessor-version":[{"id":113751,"href":"https:\/\/www.anjameulenbelt.nl\/weblog\/wp-json\/wp\/v2\/posts\/113720\/revisions\/113751"}],"wp:attachment":[{"href":"https:\/\/www.anjameulenbelt.nl\/weblog\/wp-json\/wp\/v2\/media?parent=113720"}],"wp:term":[{"taxonomy":"category","embeddable":true,"href":"https:\/\/www.anjameulenbelt.nl\/weblog\/wp-json\/wp\/v2\/categories?post=113720"},{"taxonomy":"post_tag","embeddable":true,"href":"https:\/\/www.anjameulenbelt.nl\/weblog\/wp-json\/wp\/v2\/tags?post=113720"}],"curies":[{"name":"wp","href":"https:\/\/api.w.org\/{rel}","templated":true}]}}