{"id":113752,"date":"2024-03-20T10:26:35","date_gmt":"2024-03-20T09:26:35","guid":{"rendered":"https:\/\/www.anjameulenbelt.nl\/weblog\/?p=113752"},"modified":"2024-03-20T10:30:00","modified_gmt":"2024-03-20T09:30:00","slug":"francesca-albanese-gaat-er-vanuit-dat-israel-zich-schuldig-maakt-aan-genocide","status":"publish","type":"post","link":"https:\/\/www.anjameulenbelt.nl\/weblog\/2024\/03\/20\/francesca-albanese-gaat-er-vanuit-dat-israel-zich-schuldig-maakt-aan-genocide\/","title":{"rendered":"Francesca Albanese gaat er vanuit dat Isra\u00ebl zich schuldig maakt aan genocide"},"content":{"rendered":"\n<figure class=\"wp-block-image size-full is-resized\"><a href=\"https:\/\/www.anjameulenbelt.nl\/weblog\/wp-content\/uploads\/2024\/03\/15754106282341703567.jpeg\"><img loading=\"lazy\" decoding=\"async\" width=\"500\" height=\"261\" src=\"https:\/\/www.anjameulenbelt.nl\/weblog\/wp-content\/uploads\/2024\/03\/15754106282341703567.jpeg\" alt=\"\" class=\"wp-image-113765\" style=\"width:519px;height:auto\" srcset=\"https:\/\/www.anjameulenbelt.nl\/weblog\/wp-content\/uploads\/2024\/03\/15754106282341703567.jpeg 500w, https:\/\/www.anjameulenbelt.nl\/weblog\/wp-content\/uploads\/2024\/03\/15754106282341703567-300x157.jpeg 300w\" sizes=\"(max-width: 500px) 100vw, 500px\" \/><\/a><\/figure>\n\n\n\n<p>FRANCESCA ALBANESE, ik had het al eerder over haar, nadat ik het voorrecht had om haar live mee te maken. Een indrukwekkende vrouw, die de kunst verstaat geheel binnen de lijnen van haar opdracht voor de VN te blijven, ze is speciale rapporteur voor de mensenrechten binnen de Palestijnse gebieden, en tegelijk radicaal stelling te nemen. Prachtmens. In dit interview herhaalt ze nog eens heel precies waarin Israel het internationaal recht overtreedt. En niet pas na 7 oktober.Is Isra\u00ebl schuldig aan genocide? Deze VN-rapporteur denkt van wel<\/p>\n\n\n\n<p>12 MAART 2024, Kanttekening<\/p>\n\n\n\n<p><strong>Maakt Isra\u00ebl zich in Gaza schuldig aan genocide? Francesca P. Albanese, de speciale rapporteur van de Verenigde Naties over de bezette Palestijnse gebieden, gelooft van wel: \u2018Er zijn veel bewijzen dat Isra\u00ebl de intentie heeft het Palestijnse volk en hun levensgebied te verwoesten.\u2019<\/strong><\/p>\n\n\n\n<!--more-->\n\n\n\n<p>De Italiaanse mensenrechtenadvocate Francesca P. Albanese is zeer betrokken bij de Palestijnen. Ze is een van de oprichters van de Global Network on the Question of Palestine, en publiceerde samen met de Nederlandse advocaat Lex Takkenberg het boek Palestinian Refugees in International Law. \u2018Mijn VN-mandaat heeft alleen betrekking op de bezette gebieden, die in 1967 door Isra\u00ebl werden veroverd tijdens de Zesdaagse Oorlog\u2019, vertelt Albanese.&nbsp;<\/p>\n\n\n\n<p>\u2018Gelijk na deze oorlog eisten de VN dat Isra\u00ebl zich moest terugtrekken uit deze gebieden, maar dat heeft Isra\u00ebl nooit gedaan. Het is een militaire bezetting. Palestijnen hebben geen basale rechten, geen burgerrechten en geen politieke rechten. De Palestijnse Autoriteit, die op de Westbank \u2018regeert\u2019, is geen echte staat. Het is meer een groep gemeenteraden.\u2019&nbsp;<\/p>\n\n\n\n<p>\u2018Het Palestijnse territorium is gefragmenteerd\u2019, vertelt ze verder. \u2018Wat voor Isra\u00ebl heel functioneel is om het hele gebied te kunnen controleren. Maar het meest kwalijke zijn de gedwongen verplaatsingen van Palestijnse burgers, al decennialang. Denk aan de bouw van illegale nederzettingen op de Westbank en het onteigenen van huizen in Oost-Jeruzalem. Dit gaat in tegen de bepalingen van de Conventie van Gen\u00e8ve. Je mag immers geen burgers verplaatsen naar bezette gebieden, evenmin mag je de inheemse bevolking uit bezet gebied verjagen.\u2019&nbsp;<\/p>\n\n\n\n<p>\u2018En nu valt Isra\u00ebl Palestijnse burgers aan. Het is een misdaad tegen de menselijkheid. Er zijn ook andere misdaden tegen de menselijkheid waar Isra\u00ebl schuldig aan is, zoals arbitraire detentie van verdachten, oneerlijke processen en het martelen van gevangenen.\u2019<\/p>\n\n\n\n<p><strong>Maar hoe zit het met genocide, waar Isra\u00ebl nu van wordt beschuldigd? Is Isra\u00ebl hier schuldig aan?<\/strong><\/p>\n\n\n\n<p>\u2018Ik denk het wel. Het Internationaal Gerechtshof in Den Haag, dat de genocidezaak behandelt, heeft nog geen conclusies getrokken. Wel heeft het Hof Isra\u00ebl opgeroepen effectieve maatregelen te nemen opdat humanitaire hulp doorgang kan vinden. Om te bewijzen of Isra\u00ebl zich aan genocide schuldig maakt of niet is toegang tot het gebied nodig. Maar dat is nu niet mogelijk. Toch geloof ik, en dat heb ik ook geschreven in mijn rapport voor de VN-Veiligheidsraad, dat er veel bewijzen zijn voor Isra\u00ebls intentie om het Palestijnse volk en hun levensgebied te verwoesten. En dat dit veel lichamelijke en mentale schade veroorzaakt.\u2019<\/p>\n\n\n\n<p><strong>En hoe zit het met apartheid? Het opdelen van de Westbank in kleine stukjes, dat lijkt heel erg op hoe Zuid-Afrika ten tijde van de apartheid zwarte gebieden verdeelde in zogenoemde thuislanden.&nbsp;<\/strong><\/p>\n\n\n\n<p>\u2018Kolonialisme en apartheid kunnen op een verschillende manier worden uitgewerkt. Zuid-Afrika was zo\u2019n driehonderd jaar lang een kolonie, toen kwam de apartheid, dat in veel opzichten een continuering van het kolonialisme was. Het bijzondere van Zuid-Afrika was dat het systeem van raciale segregatie was gelegaliseerd. De rechten van zwarte mensen werden ontkend, ze moesten op aparte bankjes plaatsnemen, mochten bepaalde restaurants niet binnen, enzovoort.<\/p>\n\n\n\n<p>\u2018Tegelijkertijd is er, bij alle vormen van apartheid, een gemeenschappelijk element. Het gaat om settler colonialism (vestigingskolonialisme), waarbij inheemse mensen worden weggestuurd en hun land wordt afgepakt door kolonisten die zich in dit land vestigen. Je kunt genocide niet los zien van settler colonialism. Het is de logische uitkomst hiervan, de piek. Genocide, apartheid, kolonialisme, het is onderdeel van hetzelfde systeem.\u2019<\/p>\n\n\n\n<p><strong>De beroemde Poolse jurist Rapha\u00ebl Lemkin ontwikkelde in 1944 het juridische genocidebegrip, waarbij hij keek naar de Armeense Genocide en de Holocaust. Is wat Isra\u00ebl nu doet met de Palestijnen daarmee te vergelijken?<\/strong><\/p>\n\n\n\n<p>\u2018Bij genocide draait het om verschillende aspecten, die in artikel 2 van de Genocide Conventie worden genoemd. Het gaat niet alleen om de daad maar ook om de intentie om mensen op grote schaal te vermoorden, met als doel een nationale, etnische, nationale of religieuze groep geheel of gedeeltelijk te vernietigen. Het is belangrijk om op te merken dat de nazi\u2019s die in 1946 in Neurenberg werden berecht nooit veroordeeld zijn voor genocide, omdat de Genocide Conventie twee jaar later werd opgesteld. Ze werden veroordeeld voor misdaden tegen de menselijkheid. Maar natuurlijk was de Holocaust genocide.<\/p>\n\n\n\n<p>De Genocide Conventie geeft een minder compleet beeld van genocide dan Lemkin in zijn werk. Hij begreep dat je het fenomeen niet los kan zien van vestigingskolonialisme. Het vernietigen van groepen, het overnemen van huizen en bezittingen van mensen, hun land. Denk hierbij bijvoorbeeld ook aan de Native Americans, die door de witte kolonisten zijn verjaagd naar \u2018reservaten\u2019, of aan de Aboriginals in Australi\u00eb.\u2019&nbsp;<\/p>\n\n\n\n<p><strong>Heeft Isra\u00ebl de intentie om het Palestijnse volk \u2013 deels of het geheel\u2013 te vermoorden?&nbsp;<\/strong><\/p>\n\n\n\n<p>\u2018Die is er al vanaf het begin. Een Palestijnse website, Love for Palestine, documenteert alle genocidale uitspraken van Isra\u00eblische leiders. Er zijn ongelooflijk veel van dit soort uitspraken. Tegelijkertijd zijn alleen deze uitspraken, die de intentie onthullen, niet genoeg om over genocide te spreken. Er moeten ook daden zijn die wijzen op het uitroeien van een bevolking.\u2019<\/p>\n\n\n\n<p>Albanese denkt dat deze daden er wel zijn. Ze onderbouwt dit met de cijfers van Hamas. \u2018Isra\u00ebl valt burgers aan. Gaza wordt collectief gestraft voor de gebeurtenissen van 7 oktober. Daarom zijn er meer dan 30.000 mensen gedood, waarvan 70 procent vrouwen en kinderen. Er liggen bovendien nog 12.000 mensen onder het puin, waarvan er velen zijn overleden. Die doden zijn nog niet meegeteld. Het is ongelooflijk. Maar deze cijfers worden door Isra\u00ebl betwist.\u2019&nbsp;<\/p>\n\n\n\n<p><strong>Isra\u00ebl beroept zich op het recht om zichzelf te verdedigen. Wat vindt u daarvan?<\/strong><\/p>\n\n\n\n<p>\u2018Er bestaan veel misvattingen over het recht op zelfverdediging. Allereerst: iedereen heeft een recht op bestaan. De Isra\u00ebli\u00ebrs en de Palestijnen. Maar we moeten niet doen alsof de gebeurtenissen van 7 oktober uit de lucht kwamen vallen. Er was een context. In de vijftien jaar voor 7 oktober zijn er meer dan 6000 Palestijnen gedood als gevolg van Isra\u00eblisch geweld, tegenover 300 Isra\u00ebli\u00ebrs. Natuurlijk heeft Isra\u00ebl het recht om de eigen burgers te beschermen, het eigen territorium. Maar dat is geen carte blanche om misdaden te plegen tegen een volk.\u2019<\/p>\n\n\n\n<p><strong>In februari dit jaar noemde de Franse president Emmanuel Macron de gebeurtenissen van 7 oktober&nbsp; \u2018de grootste antisemitische massamoord van onze eeuw\u2019. Op X schreef u toen dat \u2018de slachtoffers van 7 oktober niet werden gedood vanwege hun joodse geloof, maar in antwoord op de Isra\u00eblische onderdrukking\u2019. Het Franse ministerie van Buitenlandse Zaken veroordeelde uw opmerking en Isra\u00ebl verklaarde u tot persona non grata, die het land niet meer in mag. Hoe kijkt u op deze commotie terug?<\/strong><\/p>\n\n\n\n<p>\u2018Zoals ik ook eerder heb gezegd, ik betreur het dat sommigen mijn bericht interpreteerden als een \u2018rechtvaardiging\u2019 van de misdaden van Hamas, die ik verschillende keren sterk heb veroordeeld. Ik veroordeel alle vormen van racisme, ook antisemitisme. Echter, deze misdaden als \u2018antisemitisch\u2019 labelen verdoezelt de ware reden waarom ze plaatsvonden.&nbsp;<\/p>\n\n\n\n<p>De Palestijnen worden al decennialang onderdrukt. Wat Hamas deed op 7 oktober is niet in lijn met het internationaal recht. Ik ontken deze misdaad niet. Maar het was een aanval op Isra\u00ebl, niet op de Joden. Het is onverantwoord om nu al te stellen dat de aanval antisemitisch was. Dat zou verder moeten worden uitgezocht, in hoeverre antisemitisme een rol speelde. Niettemin: de trigger voor de aanval is de bezetting. We moeten antisemitisme en verzet tegen settler colonialism van elkaar onderscheiden.<\/p>\n\n\n\n<p>\u2018Daarnaast speelt er nog iets anders. Als je zegt dat 7 oktober gemotiveerd was door antisemitisme en niet door de bezetting, dan percipieer je dat alle Palestijnen in Gaza antisemieten zijn. Dat ze, als collectief, een existenti\u00eble bedreiging vormen voor Isra\u00ebl. En dat is precies wat er gebeurt en waarom Isra\u00ebl ongeremd reageert.<\/p>\n\n\n\n<p><strong>En daarom heeft Isra\u00ebl u nu tot persona non grata verklaard\u2026<\/strong><\/p>\n\n\n\n<p>\u2018Maar dat is niet nieuw. Isra\u00ebl heeft mij twee jaar geleden al de toegang tot Palestina ontzegd. En mijn voorganger was er ook niet welkom.\u2019&nbsp;<\/p>\n\n\n\n<p><strong>Waarom staan de Verenigde Staten en de Europese Unie nog steeds achter Isra\u00ebl? Zal dit veranderen?<\/strong><\/p>\n\n\n\n<p>\u2018Het moet veranderen. De kracht en de schoonheid van de mensenrechten ligt in het feit dat ze universeel zijn. Ze zijn overal en altijd van toepassing. Westerse landen en ook Australi\u00eb, laten Isra\u00ebl nog steeds overal mee wegkomen. Dat komt omdat westerse landen zich meer met Isra\u00ebl dan met islamitische landen identificeren. Omdat westerse landen wit zijn. Het is een vorm van koloniaal denken.\u2019<\/p>\n\n\n\n<p><strong>Ja, maar het heeft toch ook alles te maken met het westerse trauma van de Holocaust en het schuldgevoel daarover?<\/strong><\/p>\n\n\n\n<p>\u2018Europa vervolgde de Joden. Zij waren toen het slachtoffer. In het Westen is na de Tweede Wereldoorlog het idee ontstaan dat Isra\u00ebl ook het slachtoffer is. Maar dat is niet waar. Slachtoffer ben je in relatie tot anderen. Maar in relatie tot de Palestijnen is Isra\u00ebl de onderdrukker. Vroeger werden de Joden in Europa ontmenselijkt, nu ontmenselijkt Isra\u00ebl de Palestijnen. Isra\u00ebli\u00ebrs staan nu in een machtspositie tegenover de Palestijnen, maar ze gebruiken hun vroegere slachtofferpositie om anderen het slachtoffer te maken.\u2019&nbsp;<\/p>\n\n\n\n<p><strong>Wat vindt u van het verwijt van selectieve verontwaardiging? Palestina roept terecht emoties op, hiervoor valt de aandacht voor de Oeigoeren, de Rohingya en andere verdrukte volkeren in het niet.&nbsp;<\/strong><\/p>\n\n\n\n<p>\u2018Absoluut. Maar voor het Zuiden is Palestina een belangrijk keerpunt. Het staat symbool voor de westerse hypocrisie, het feit dat voor het Westen de mensenrechten helemaal niet universeel zijn. En de strijd van de Palestijnen inspireert anderen in hun strijd tegen onderdrukking.\u2019&nbsp;<\/p>\n\n\n\n<p><strong>Wat moet er gebeuren, ten slotte? Wat is de uitweg uit deze crisis?&nbsp;<\/strong><\/p>\n\n\n\n<p>\u2018Dat er geen andere weg is dan de wet respecteren, de notie dat iedereen gelijk is voor de wet. Vrijheid en gelijkheid voor iedereen. Geen apartheid, geen racisme. Dat is het eindpunt. Maar we zijn daar nog lang niet.\u2019&nbsp;&nbsp;<\/p>\n\n\n\n<p><strong>Wat zijn dan de tussenstations?&nbsp;<\/strong><\/p>\n\n\n\n<p>\u2018Er moet een embargo tegen Isra\u00ebl komen, en sancties tegen de personen die verantwoordelijk zijn voor de misdaden tegen de Palestijnen in Gaza. Militairen, maar ook politici als premier Benjamin Netanyahu, de ministers Itamir Ben-Gvir en Bezalel Smotrich en president Yitzhak Herzog (die op zaterdag 10 maart in Amsterdam was, red.) moeten zich verantwoorden in Den Haag.&nbsp;&nbsp;<\/p>\n\n\n\n<p>\u2018Het systeem van apartheid moet worden ontmanteld. Palestijnen moeten dezelfde rechten krijgen.\u2019&nbsp;&nbsp;<\/p>\n","protected":false},"excerpt":{"rendered":"<p>FRANCESCA ALBANESE, ik had het al eerder over haar, nadat ik het voorrecht had om haar live mee te maken. Een indrukwekkende vrouw, die de kunst verstaat geheel binnen de lijnen van haar opdracht voor de VN te blijven, ze &hellip; <a href=\"https:\/\/www.anjameulenbelt.nl\/weblog\/2024\/03\/20\/francesca-albanese-gaat-er-vanuit-dat-israel-zich-schuldig-maakt-aan-genocide\/\">Lees verder <span class=\"meta-nav\">&rarr;<\/span><\/a><\/p>\n","protected":false},"author":2,"featured_media":0,"comment_status":"open","ping_status":"","sticky":false,"template":"","format":"standard","meta":{"footnotes":"","_jetpack_memberships_contains_paid_content":false},"categories":[1],"tags":[],"jetpack_sharing_enabled":true,"jetpack_featured_media_url":"","_links":{"self":[{"href":"https:\/\/www.anjameulenbelt.nl\/weblog\/wp-json\/wp\/v2\/posts\/113752"}],"collection":[{"href":"https:\/\/www.anjameulenbelt.nl\/weblog\/wp-json\/wp\/v2\/posts"}],"about":[{"href":"https:\/\/www.anjameulenbelt.nl\/weblog\/wp-json\/wp\/v2\/types\/post"}],"author":[{"embeddable":true,"href":"https:\/\/www.anjameulenbelt.nl\/weblog\/wp-json\/wp\/v2\/users\/2"}],"replies":[{"embeddable":true,"href":"https:\/\/www.anjameulenbelt.nl\/weblog\/wp-json\/wp\/v2\/comments?post=113752"}],"version-history":[{"count":4,"href":"https:\/\/www.anjameulenbelt.nl\/weblog\/wp-json\/wp\/v2\/posts\/113752\/revisions"}],"predecessor-version":[{"id":113766,"href":"https:\/\/www.anjameulenbelt.nl\/weblog\/wp-json\/wp\/v2\/posts\/113752\/revisions\/113766"}],"wp:attachment":[{"href":"https:\/\/www.anjameulenbelt.nl\/weblog\/wp-json\/wp\/v2\/media?parent=113752"}],"wp:term":[{"taxonomy":"category","embeddable":true,"href":"https:\/\/www.anjameulenbelt.nl\/weblog\/wp-json\/wp\/v2\/categories?post=113752"},{"taxonomy":"post_tag","embeddable":true,"href":"https:\/\/www.anjameulenbelt.nl\/weblog\/wp-json\/wp\/v2\/tags?post=113752"}],"curies":[{"name":"wp","href":"https:\/\/api.w.org\/{rel}","templated":true}]}}