{"id":11992,"date":"2008-12-29T09:38:02","date_gmt":"2008-12-29T08:38:02","guid":{"rendered":"http:\/\/www.anjameulenbelt.nl\/weblog\/2008\/12\/29\/verklaring-van-united-civilians-for-peace\/"},"modified":"2008-12-29T09:38:02","modified_gmt":"2008-12-29T08:38:02","slug":"verklaring-van-united-civilians-for-peace","status":"publish","type":"post","link":"https:\/\/www.anjameulenbelt.nl\/weblog\/2008\/12\/29\/verklaring-van-united-civilians-for-peace\/","title":{"rendered":"Verklaring van United Civilians for Peace"},"content":{"rendered":"<p>28-12-2008<br \/>\nBevolking in Gaza schreeuwt om bescherming<br \/>\n <!--more--><br \/>\nDe Isra\u00eblische aanval op de Gazastrook vormt een ongekend dieptepunt  in de steeds verder escalerende spiraal van geweld in de regio. De Isra\u00eblische regering legitimeert de luchtaanvallen als reactie op de raketbeschietingen vanuit Gaza na de be\u00ebindiging van het staakt het vuren tussen Isra\u00ebl en Hamas. Maar de recente gewelddadige escalatie is niet los te zien en mede het gevolg van de contraproductieve politieke isolatie van Hamas en onaanvaardbare economische en humanitaire blokkade van Gaza.<br \/>\nHet disproportionele militaire geweld  maakt een definitief einde aan het Anapolis vredesproces voor zover dat ooit levensvatbaar is geweest. Een politieke oplossing van het Isra\u00eblisch-Palestijnsconflict lijkt verder weg dan ooit en vergt een doortastend, geloofwaardig en eensgezind optreden van de internationale gemeenschap. De internationale gemeenschap heeft tot nu toe ernstig gefaald.<br \/>\nOnmiddellijke stopzetting van alle geweld, ongehinderde toegang van Palestijnse burgers tot humanitaire hulp en onvoorwaardelijke politieke dialoog met alle partijen is nu van het grootst mogelijke belang, aldus United Civilians for Peace (UCP), de coalitie van vredes- en ontwikkelingsorganisaties.<br \/>\nDe jongste bloedige aanvallen van het  dichtbevolkte Gaza vormen vanwege het disproportionele en ongediscrimineerde karakter een ernstige schending van de Vierde Conventie van Gen\u00e8ve en zijn daarom een oorlogsmisdaad. Het UCP steunt de dringende oproep van de secretaris-generaal van de VN dat Isra\u00ebl zijn verplichtingen voortvloeiend uit internationaal humanitair recht en mensenrechten moet naleven. Het UCP veroordeelt het excessief geweld door Israel waardoor inmiddels al bijna 300 mensen zijn gedood en honderden werden verwond, en de raketaanvallen door Palestijnse extremisten die tot nu toe slechts \u00e9\u00e9n Isra\u00eblische slachtoffer heeft ge\u00ebist.<br \/>\n Op 5 december riep UCP Minister van Buitenlandse Zaken Maxime Verhagen op om zich binnen de Europese Unie sterk te maken voor de be\u00ebindiging van de blokkade van de Gazastrook. Het UCP roept Minister Verhagen opnieuw en met klem op zijn inzet niet te beperken tot een plichtmatige verklaring van zorg over de situatie in Gaza en een oproep aan Isra\u00ebl maximale terughoudendheid te betrachten om burgerslachtoffers te voorkomen. UCP roept de Nederlandse regering op om al haar diplomatieke middelen in te zetten om te zorgen dat de aanvallen op de Gazastrook en de blokkade onmiddellijk en onvoorwaardelijk worden be\u00ebindigd.<br \/>\nHet Nederlandse parlement dient op korte termijn de effecten van de politieke isolatie van Hamas, de blokkade van Gaza en de recente gewelddadige escalatie te evalueren en mede op basis daarvan het beleid inzake het Israelisch-Palestijnsconflict te herzien.<br \/>\nIndien de luchtaanvallen volgens de militaire woordvoerder van Isra\u00ebl inderdaad slechts het begin zijn, dan heeft de Nederlandse regering wederom de kans te bewijzen of het staat voor het recht van de sterkste of voor de kracht van het recht en  opkomt voor de bescherming van een burgerbevolking onder bezetting zoals gewaarborgd in het internationaal recht.<br \/>\nBron: UCP<\/p>\n","protected":false},"excerpt":{"rendered":"<p>28-12-2008 Bevolking in Gaza schreeuwt om bescherming<\/p>\n","protected":false},"author":2,"featured_media":0,"comment_status":"open","ping_status":"open","sticky":false,"template":"","format":"standard","meta":{"footnotes":"","_jetpack_memberships_contains_paid_content":false},"categories":[1,2],"tags":[],"jetpack_sharing_enabled":true,"jetpack_featured_media_url":"","_links":{"self":[{"href":"https:\/\/www.anjameulenbelt.nl\/weblog\/wp-json\/wp\/v2\/posts\/11992"}],"collection":[{"href":"https:\/\/www.anjameulenbelt.nl\/weblog\/wp-json\/wp\/v2\/posts"}],"about":[{"href":"https:\/\/www.anjameulenbelt.nl\/weblog\/wp-json\/wp\/v2\/types\/post"}],"author":[{"embeddable":true,"href":"https:\/\/www.anjameulenbelt.nl\/weblog\/wp-json\/wp\/v2\/users\/2"}],"replies":[{"embeddable":true,"href":"https:\/\/www.anjameulenbelt.nl\/weblog\/wp-json\/wp\/v2\/comments?post=11992"}],"version-history":[{"count":0,"href":"https:\/\/www.anjameulenbelt.nl\/weblog\/wp-json\/wp\/v2\/posts\/11992\/revisions"}],"wp:attachment":[{"href":"https:\/\/www.anjameulenbelt.nl\/weblog\/wp-json\/wp\/v2\/media?parent=11992"}],"wp:term":[{"taxonomy":"category","embeddable":true,"href":"https:\/\/www.anjameulenbelt.nl\/weblog\/wp-json\/wp\/v2\/categories?post=11992"},{"taxonomy":"post_tag","embeddable":true,"href":"https:\/\/www.anjameulenbelt.nl\/weblog\/wp-json\/wp\/v2\/tags?post=11992"}],"curies":[{"name":"wp","href":"https:\/\/api.w.org\/{rel}","templated":true}]}}