{"id":12714,"date":"2009-02-16T13:53:56","date_gmt":"2009-02-16T12:53:56","guid":{"rendered":"http:\/\/www.anjameulenbelt.nl\/weblog\/2009\/02\/16\/interview-met-jaap-hamburger\/"},"modified":"2011-07-25T14:03:02","modified_gmt":"2011-07-25T12:03:02","slug":"interview-met-jaap-hamburger","status":"publish","type":"post","link":"https:\/\/www.anjameulenbelt.nl\/weblog\/2009\/02\/16\/interview-met-jaap-hamburger\/","title":{"rendered":"Interview met Jaap Hamburger"},"content":{"rendered":"<p><a href='https:\/\/www.anjameulenbelt.nl\/weblog\/wp-content\/uploads\/2009\/02\/jaaphamburger.jpg' title='jaaphamburger.jpg'><img src='https:\/\/www.anjameulenbelt.nl\/weblog\/wp-content\/uploads\/2009\/02\/jaaphamburger.jpg' alt='jaaphamburger.jpg' \/><\/a><\/p>\n<p>In mijn partijblad de Tribune een interview met voorzitter Jaap Hamburger van Een Ander Joods Geluid, vaak aanwezig op dit weblog, om wat hij zegt en schrijft, of omdat we weer eens ergens naar tevredenheid naast elkaar solidair zitten te wezen.<br \/>\n<!--more--><br \/>\nIk ben natuurlijk dik tevreden met dat interview. Tekst Willem Bos, foto Karen Veldkamp. Een deel er uit:<\/p>\n<blockquote><p><strong>Door jullie opstelling inzake het conflict in het Midden-Oosten zitten jullie ook midden in de discussie in Nederland, over de verhouding tussen verschillende bevolkingsgroepen.<\/strong><br \/>\n&#8220;Ja, onze hoofdtaak ligt bij het Isra\u00eblisch-Palestijnse conflict, maar in onze statuten staat ook dat we willen bijdragen aan de discussie over dat conflict in de Nederlandse samenleving. Nu wordt van allerlei kanten gezegd dat het Midden-Oostenconflict niet in de Nederlandse samenleving moet worden ge\u00efntroduceerd. Ik vind dat onwaarachtig en niet realistisch. Toen Nederland nog kritiekloos achter Isra\u00ebl stond, heb ik dat nooit gehoord. Nu er andere meningen klinken, heet het dat het conflict hier wordt ge\u00efntroduceerd. Het is niet realistisch, omdat de samenstelling van onze samenleving voorgoed veranderd is en dit conflict wereldwijd nu eenmaal heftige emoties oproept. Wij kunnen in die discussie mogelijk iets betekenen, door ons standpunt uit te dragen. Wij zijn in onze kritiek op het Isra\u00eblische beleid geloofwaardiger dan de meeste traditionele Joodse organisaties en kunnen zo een brug slaan naar de emoties van anderen en misplaatste anti-Joodse sentimenten helpen dempen. Dat doen we ook, met succes.<\/p>\n<p>Door het Centrum Informatie en Documentatie Isra\u00ebl (CIDI) en acht andere Joodse organisaties werd begin januari naar aanleiding van de aanval op Gaza een verklaring uitgegeven waarin ze Nederland opriepen om &#8216;solidair te zijn met de veiligheid van Isra\u00ebl&#8217;. Dat beschouw ik als bedrieglijk, een poging oude pro-Isra\u00eblische sentimenten te activeren om kritiek te smoren. De strategische veiligheid van Isra\u00ebl was helemaal niet in het geding. En wat betreft de veiligheid van Isra\u00eblische staatsburgers, die werd door het voorafgaand staakt-het-vuren geborgd. Het meest verbazingwekkende was dat die verklaring ook ondertekend was door het Joods Maatschappelijk Werk en het Isra\u00eblitisch Kerkgenootschap: twee organisaties die hun werkterrein in Nederland hebben en zich statutair helemaal niet horen uit te spreken over het Isra\u00eblisch-Palestijnse conflict, of de politiek van Isra\u00ebl.<\/p>\n<p>Kijk, als de grote Joodse organisatie zich op deze cruciale momenten volledig identificeren met Isra\u00ebl en in alle toonaarden het optreden van Isra\u00ebl verdedigen, dan is het wat veel gevraagd van \u2013 laten we zeggen Marokkaanse jongens van 17, 18 jaar \u2013 dat die tezelfdertijd nauwgezet het gewenste onderscheid maken tussen Isra\u00ebl en &#8216;de Joden&#8217;. Dan valt moeilijk van die jongeren te verwachten dat ze zeggen: wij laten die Joodse organisaties er helemaal buiten en richten onze kritiek alleen op het Isra\u00eblische beleid.&#8221;<\/p>\n<p>Als die jongeren leuzen tegen joden roepen \u2013 hoe misplaatst en verwerpelijk ik die leuzen ook vind \u2013 dan is dat geen uiting van sluimerend, autonoom antisemitisme, maar mede een reactie op de opstelling van de Joodse organisaties die zich, hoe je het ook bekijkt, solidair verklaren met de Isra\u00eblische agressie. Daarna maken die organisaties van dergelijke uitingen met veel tam-tam een nieuw maatschappelijk probleem, &#8216;het oplevend antisemitisme&#8217; geheten. Die houding vind ik te vergelijken met die van een pyromaan die roept: &#8216;Brand, brand&#8217;, nadat hij die zelf heeft helpen aansteken.<\/p><\/blockquote>\n<p>Je kunt kiezen waar je de rest wilt lezen, op de website van de SP, <a href=\"http:\/\/www.sp.nl\/nieuws\/tribune\/200902\/interview_jaap_hamburger.shtml\">hier,<\/a> of op de website van Een Ander Joods Geluid, <a href=\"http:\/\/www.eajg.nl\/index.asp?navitemid=12&#038;type=3&#038;item=2204\">hier. <\/a><\/p>\n","protected":false},"excerpt":{"rendered":"<p>In mijn partijblad de Tribune een interview met voorzitter Jaap Hamburger van Een Ander Joods Geluid, vaak aanwezig op dit weblog, om wat hij zegt en schrijft, of omdat we weer eens ergens naar tevredenheid naast elkaar solidair zitten te &hellip; <a href=\"https:\/\/www.anjameulenbelt.nl\/weblog\/2009\/02\/16\/interview-met-jaap-hamburger\/\">Lees verder <span class=\"meta-nav\">&rarr;<\/span><\/a><\/p>\n","protected":false},"author":2,"featured_media":0,"comment_status":"open","ping_status":"open","sticky":false,"template":"","format":"standard","meta":{"footnotes":"","_jetpack_memberships_contains_paid_content":false},"categories":[2],"tags":[82],"jetpack_sharing_enabled":true,"jetpack_featured_media_url":"","_links":{"self":[{"href":"https:\/\/www.anjameulenbelt.nl\/weblog\/wp-json\/wp\/v2\/posts\/12714"}],"collection":[{"href":"https:\/\/www.anjameulenbelt.nl\/weblog\/wp-json\/wp\/v2\/posts"}],"about":[{"href":"https:\/\/www.anjameulenbelt.nl\/weblog\/wp-json\/wp\/v2\/types\/post"}],"author":[{"embeddable":true,"href":"https:\/\/www.anjameulenbelt.nl\/weblog\/wp-json\/wp\/v2\/users\/2"}],"replies":[{"embeddable":true,"href":"https:\/\/www.anjameulenbelt.nl\/weblog\/wp-json\/wp\/v2\/comments?post=12714"}],"version-history":[{"count":1,"href":"https:\/\/www.anjameulenbelt.nl\/weblog\/wp-json\/wp\/v2\/posts\/12714\/revisions"}],"predecessor-version":[{"id":52357,"href":"https:\/\/www.anjameulenbelt.nl\/weblog\/wp-json\/wp\/v2\/posts\/12714\/revisions\/52357"}],"wp:attachment":[{"href":"https:\/\/www.anjameulenbelt.nl\/weblog\/wp-json\/wp\/v2\/media?parent=12714"}],"wp:term":[{"taxonomy":"category","embeddable":true,"href":"https:\/\/www.anjameulenbelt.nl\/weblog\/wp-json\/wp\/v2\/categories?post=12714"},{"taxonomy":"post_tag","embeddable":true,"href":"https:\/\/www.anjameulenbelt.nl\/weblog\/wp-json\/wp\/v2\/tags?post=12714"}],"curies":[{"name":"wp","href":"https:\/\/api.w.org\/{rel}","templated":true}]}}