{"id":13502,"date":"2009-04-19T08:59:40","date_gmt":"2009-04-19T06:59:40","guid":{"rendered":"http:\/\/www.anjameulenbelt.nl\/weblog\/2009\/04\/19\/verdeeld-land-gedeeld-land-1\/"},"modified":"2011-08-25T11:12:39","modified_gmt":"2011-08-25T09:12:39","slug":"verdeeld-land-gedeeld-land-1","status":"publish","type":"post","link":"https:\/\/www.anjameulenbelt.nl\/weblog\/2009\/04\/19\/verdeeld-land-gedeeld-land-1\/","title":{"rendered":"Verdeeld land &#8211; gedeeld land (1)"},"content":{"rendered":"<p><a href='https:\/\/www.anjameulenbelt.nl\/weblog\/wp-content\/uploads\/2009\/04\/jeantillie-2.jpg' title='jeantillie-2.jpg'><img src='https:\/\/www.anjameulenbelt.nl\/weblog\/wp-content\/uploads\/2009\/04\/jeantillie-2.jpg' alt='jeantillie-2.jpg' \/><\/a><br \/>\n(Jean Tillie)<\/p>\n<p>Ik heb het boek van Jean Tillie gelezen,<em> Gedeeld land. Het multiculturele ongemak van Nederland.<\/em> Ik vind het erg goed, verhelderend, het geeft een begrippenkader aan waarmee we de discussie over integratie zonder meer op een hoger plan zouden kunnen helpen, het geeft een verklaringsmodel voor wat er op dit moment in Nederland aan de hand is, en ook nog een rij zinnige aanbevelingen wat er te doen zou zijn aan de polarisatie in Nederland. Ik ben van plan er een kleine serie aan te wijden, zoals men dat van mij hier inmiddels gewend is &#8211; een beetje als docent (ik kan het niet laten). Ondertussen zou ik iedereen aanraden daar niet op te wachten en het ze;f te lezen. Als het aan mij lag gaf ik het als verplicht huiswerk op aan alle politici, inclusief de linkse.<br \/>\n<!--more--><br \/>\nEwoud Butter, van het Allochtonenweblog (hier) maakte in februari een interview met Tillie, dat ik met dank overneem, als introductie.  <\/p>\n<p><strong>&#8216;Multiculturele samenleving is een gegeven&#8217;<\/strong> (interview jean tillie)<\/p>\n<p>\u2018<em>Ik vind het waanzinnig dat een vice-premier oproept om te generaliseren en te polariseren. Daarmee los je geen problemen op. Bos denkt zo het Fortuyn-electoraat terug te krijgen, maar de hysterie en de onrust blijven hierdoor alleen maar voortbestaan. \u2019<\/em><\/p>\n<p>Aan het woord is hoogleraar Jean Tillie. Hij doet al jaren onderzoek naar verschillende aspecten van de multiculturele samenleving. Hij publiceerde veel over de politieke participatie van migranten, over migrantenorganisaties en over extreemrechts stemgedrag in Europa. Het onderzoek dat hij met Marieke Slootman deed naar radicaliseringsprocessen onder Amsterdamse moslims heeft grote invloed gehad op het beleid van de gemeente Amsterdam. Tillie is sinds vorig jaar bijzonder hoogleraar Electorale Poltiek en is als adjunct-directeur verbonden van het Instituut voor Migratie en Etnische Studies (IMES) van de Universiteit van Amsterdam. In zijn onlangs verschenen boek \u2018Gedeeld land\u2019 maakt Tillie de balans op van het multiculturele debat in de afgelopen jaren en doet hij aanbevelingen om van een \u2018verdeeld land\u2019 weer een \u2018gedeeld land\u2019 te maken. Een goede aanleiding voor een interview.<\/p>\n<p><strong>Democratie en onbehagen<\/strong><br \/>\n\u201c<em>Mijn belangrijkste zorg is de democratie. Nederlandse burgers hebben minder vertrouwen gekregen in de politiek. Er is sprake van onbehagen en dat spitst zich vaak toe op kwesties die met de multiculturele samenleving te maken hebben.\u201d<\/em><\/p>\n<p>Tillie vindt dat dit onbehagen serieus wordt genomen. \u2018Ik ben niet van de school die problemen wil ontkennen. Het is trouwens een hardnekkig misverstand dat in de Nederlandse beleidnota\u2019s de problemen lange tijd zouden zijn ontkend. In die nota\u2019s werden de problemen meestal wel keurig opgenoemd, maar er werd heel lang niet echt een discussie over gevoerd. Dat past ook in een traditie. We zijn in Nederland niet gewend te debatteren over elkaars levensbeschouwing en levensstijl. Ook over de normen en waarden van het christendom zijn amper debatten gevoerd.  Het christelijke geloof werd in de jaren 60 en 70 van de vorige eeuw wel geridiculiseerd, maar er vonden amper serieuze discussies plaats.\u2019<\/p>\n<p>Jean Tillie verwijst voor een verklaring van het onbehagen over de multiculturele samenleving naar onderzoek van de Amerikaan Robert Putnam. Hieruit bleek dat in wijken met een grote etnische diversiteit, bewoners van alle etnische achtergronden zich terug trekken. Etnische diversiteit leidt tot een daling van het sociale vertrouwen tussen etnische groepen en binnen etnische groepen. Tillie: \u201cHet onderzoek van Putnam leverde een onaangename conclusie op: etnische diversiteit leidt tot sociaal isolement. Dezelfde conclusie trokken Lancee en Dronkers later uit een vergelijkbaar onderzoek in Nederland. Dit sociaal isolement is zowel bij extreemrechts als bij moslims een belangrijke verklarende factor voor radicalisering.\u201d<\/p>\n<p>In zijn boek schrijft Tillie: \u201cAllochtone Nederlanders en autochtone Nederlanders voelen zich psychologisch onveilig. De multiculturele samenleving krijgt de schuld van deze situatie. Een meerderheid van de inwoners van Nederland heeft het gevoel dat ze gediscrimineerd worden en slachtoffer zijn van een onrechtvaardige, onoverzichtelijke maatschappij. Dit leidt tot passiviteit, starheid en het onvermogen om de omgeving met een genuanceerde blik te bekijken. Conflicten hebben de neiging snel te escaleren omdat mensen alleen nog maar met zichzelf bezig zijn en geen oog meer hebben voor het gemeenschappelijke belang. In de politiek mondt dit uit in een hysterisch debat over \u2018de\u2019 Nederlandse cultuur, over Marokkaanse \u2018straatterroristen\u2019 en over \u2018extremistische\u2019 moslims.\u201d<\/p>\n<p><strong>Integratiedebat<\/strong><br \/>\nHans Janmaat was de eerste Nederlandse politicus die het ongenoegen in de jaren 80 met de multiculturele samenleving op de agenda zette. Jean Tillie maakte in die jaren zelf voor het eerst kennis met het electoraat van Janmaat: hij raakte tijdens een popconcert verwikkeld in een vechtpartij toen zijn zwarte vriend door aanhangers van Janmaat in elkaar werd geslagen. Tillie werd zelf met een stalen pijp het ziekenhuis ingeslagen. Toch is Tillie mild over de politicus Janmaat: \u201cHij is een van de eersten die het multiculturele ongemak aan de orde stelde. Hij benoemde een sluimerend probleem in de Nederlandse samenleving, maar werd weg gezet als een gevaarlijke gek. Als je nu leest wat er op het internet allemaal wordt gezegd, dan zijn Janmaats woorden met terugwerkende kracht gematigd. De man had alleen wel veel neo-nazistisch volk om zich heen.\u201d<\/p>\n<p>Na Janmaat was de Bolkestein de tweede politicus die het onbehagen met de multiculturele samenleving aan de orde stelde. Tillie: \u201cDie kon niet worden weg gezet als een gevaarlijke gek. Hij was partijleider van de VVD. Hetzelfde gold voor Paul Scheffer toen hij het onderwerp vervolgens bij links agendeerde. En daarna kregen we natuurlijk 11 september, de opkomst en moord op Fortuyn.\u201d<\/p>\n<p><strong>Spelregels voor het debat<\/strong><br \/>\nInmiddels is het integratiedebat al jaren op volle gang en daarbij worden volgens Tillie geregeld democratische regels overtreden door politici, journalisten en publicisten. \u201cHet democratisch debat moet binnen bepaalde grenzen plaats vinden\u201d doceert hij. \u201cOm te voorkomen dat het debat uit de klauwen loopt moet je je aan drie spelregels houden: je mag niet oproepen tot geweld, je mag geen leden van de politieke gemeenschap uitsluiten en je moet de menselijke waardigheid van deelnemers aan het debat altijd respecteren.\u201d In zijn boek illustreert Tillie dit met de volgende voorbeelden:  \u201c\u2018Jongerenimam\u2019 Abdul- Jabbar van de Ven schendt de \u2018geengeweldsregel\u2019 als hij hardop hoopt dat Geert Wilders zal sterven. Rita Verdonk schendt de \u2018geenuitsluitingsregel\u2019 als ze aan een orthodoxe moslim met de Nederlandse nationaliteit, die vrouwen geen hand wil schudden, vraagt waarom hij eigenlijk in Nederland blijft. En Theo van Gogh schond de menselijke waardigheid van moslims door ze voortdurend met \u2018geitenneukers\u2019 te vergelijken.\u201d<\/p>\n<p>Jean Tillie signaleert ook andere methoden om mensen buiten het debat te houden. \u201cWanneer je iemand \u2018racist\u2019 noemt, kun je een debat met die persoon verder wel vergeten. Omgekeerd is ook de term \u2018politiek correct\u2019 een subtiele manier geworden om iemand buiten te sluiten van het debat. Ook vergelijkingen met de Tweede Wereldoorlog worden te snel gemaakt. Die vergelijkingen gaan altijd mank.\u201d Hij maakt zich ook druk om het taalgebruik op websites. \u201cHet is op verschillende sites als GeenStijl en Elsevier normaal geworden om Marokkaanse jongeren aan te duiden als \u2018rifratten\u2019. Dat kan echt niet, vind ik.\u201d<\/p>\n<p><strong>Wilders<\/strong><br \/>\nTillie vindt het dan ook goed dat Wilders voor het Amsterdamse gerecht wordt gedaagd. \u201cWilders voert helemaal geen debat. Hij discrimineert en sluit door zijn wijze van debatteren mensen uit. Wanneer je de Koran een fascistisch boek noemt en wilt verbieden, zeg je dat het boek niet thuis hoort in een democratie. Dan sluit je mensen uit. Ik vind dat je mensen altijd deel moet laten zijn van het politieke systeem. Ik vind het terecht dat Wilders vervolgd wordt omdat dan duidelijk wordt waar de juridische grenzen liggen. Ik zou er tegen zijn als hij in de gevangenis komt. Een symbolische geldboete lijkt me beter.\u201d<\/p>\n<p><strong>Vicieuze cirkel<\/strong><br \/>\nTillie signaleert in zijn boek de volgende vicieuze cirkel: \u201csociaal isolement bij de autochtone Nederlanders leidt tot psychologische onveiligheid bij de moslimbevolking. Psychologische onveiligheid bij moslims vergroot de gevoeligheid voor moslimradicalisme en extremisme, wat weer de sociale desori\u00ebntatie bij de autochtone bevolking versterkt. De polarisatie in Nederland neemt toe. Nederland bevindt zich al jaren in een impasse en er lijkt geen einde te komen aan alle discussies rond de multiculturele samenleving. Door deze voortdurende aanwezigheid van een niet opgelost politiek strijdpunt daalt het politieke vertrouwen en staat de legitimiteit van de democratie onder druk.\u201d<\/p>\n<p>De politiek zou deze vicieuze cirkel moeten doorbreken, maar voorlopig gebeurt dat niet. Rita Verdonk en Geert Wilders hebben er volgens Tillie namelijk geen enkel belang bij om een andere wending te geven aan het in zijn ogen autistische en het hysterische debat. \u201cVerdonk en Wilders winnen er immers Kamerzetels mee. En andere politici proberen niet echt het debat een andere wending te geven. Soms doen ze zelfs mee aan polarisatie en generalisatie, zoals Wouter Bos. Dat vind ik onverantwoordelijk. Ze zijn vooral bang om kiezers te verliezen, omdat ze ervan uitgaan dat de meeste kiezers tegen migranten zijn. Toch zijn er tekenen dat dit wel eens zou kunnen veranderen, zoals een TNS\/NIPO onderzoek waaruit blijkt dat we in Nederland aanmerkelijk minder negatief zijn gaan denken over moslims. Dat biedt hoop.\u201d<\/p>\n<p><strong>PvdA<\/strong><br \/>\nVan de recente PvdA-nota over integratie is Tillie niet erg onder de indruk. \u201cIk lees er geen visie op de multiculturele samenleving in. Het gaat teveel over extremen. De overgrote meerderheid van de moslims in Nederland neemt volop deel aan de samenleving. Ze kiezen voor democratische middelen in het debat. Ze willen meedoen. De politieke participatie bij gemeenteraadsverkiezingen stijgt. Aangezien politieke participatie identificatie met Nederland en democratische opvattingen bevordert, stijgt hiermee de politieke integratie van moslims. Daar moet het over gaan en niet over die paar vrouwen die een boerka dragen.\u201d<\/p>\n<p>Ook over de vorige week door Wouter Bos weer aangezwengelde discussie over nationalisme heeft Jean Tillie een duidelijke mening: \u201cHet gaat in die discussies meestal over een etnische vorm van nationalisme. Dan gaat het over een gemeenschappelijke afkomst, het gedeelde etnische verleden van autochtone Nederlanders. Daar kun je als migrant nooit een onderdeel van worden. Ook de pogingen om een Nederlandse cultuur te defini\u00ebren leiden tot niets. Ik zou het liever willen hebben over contractnationalisme. Daarbij ligt het accent niet op een gedeeld verleden, maar op een gedeelde toekomst en op gelijkheid voor de wet en het erkennen van de democratische instituties. Als er al een gezamenlijke \u2018cultuur\u2019 is, dan is dit de erkenning van de democratische  rechtsstaat en de daarin verankerde normen en waarden.\u201d<\/p>\n<p><strong>Aanbevelingen<\/strong><br \/>\nEen contractnationalistische visie op de Nederlandse samenleving is \u00e9\u00e9n van de aanbevelingen die Tillie in zijn boek doet. Daarnaast pleit hij voor de erkenning dat Nederland nu eenmaal een multiculturele samenleving is. \u2018De multiculturele samenleving is een gegeven. Het is heilloos dat te ontkennen. Het heeft veel meer zin je af te vragen hoe je er mee om gaat. We moeten er geen probleem van maken dat er verschillende culturen zijn.\u201d In zijn boek schrijft Tillie: \u201cEr zullen altijd verschillen tussen mensen blijven bestaan. Binnen de regels van de democratie moeten deze verschillen ook bestaan omdat zij de maatschappij voortdurend scherp houden. Wat voor de \u00e9\u00e9n vanzelfsprekend is, is dat voor de ander niet. Wat voor de \u00e9\u00e9n ondenkbaar lijkt te zijn, is voor de ander routine. Culturele verschillen in een samenleving zijn onontkoombaar en zeer gewenst. Zolang de grenzen van de democratie maar worden bewaakt. Multiculturalisme is een feit en pragmatische verdraagzaamheid dus een noodzaak.\u201d<\/p>\n<p>We kunnen ons volgens Tillie beter inspannen om wat te doen aan het gebrek aan sociale cohesie en het sociale isolement waarin groepen allochtonen en autochtonen verkeren moet worden doorbroken. Dat is dan ook zijn derde aanbeveling. Verder pleit Tillie voor politici die minder bang zijn voor het verliezen van kiezers (vierde aanbeveling). Zij moeten binnen de grenzen van het democratische debat kiezen voor een zakelijke politiek en genuanceerde visies op de multiculturele samenleving aan het electoraat voorleggen (vijfde aanbeveling). Kwesties rond de multiculturele samenleving moeten \u00edn de democratie worden opgelost en niet daarbuiten.<\/p>\n<p>Tillie hoopt dat zijn boek een bijdrage zal leveren aan het debat over de multiculturele samenleving. \u201cIk maak me zorgen over een verminderd vertrouwen in de democratie en over een toename van extremisme. Ik heb een analytisch boek willen schrijven en geen politiek boek, maar natuurlijk voel ik me wel betrokken bij het onderwerp. Ik ben zelf opgegroeid in een \u2018Vogelaarwijk\u2019 (Nazareth in Maastricht) en woon nu nog steeds in een wijk met veel problemen. Als vrijwilliger zet ik me in voor de Denktank Sociale Cohesie van het stadsdeel Oost Watergraafsmeer. Natuurlijk zullen mensen er een politiek etiket op willen plakken. Toen ik onderzoek naar moslimextremisme deed noemden sommigen me rechts, misschien noemen ze me nu links. Ze doen maar.\u201d <\/p>\n<p>Gedeeld land, het multiculturele ongemak van Nederland is verschenen bij uitgeverij Meulenhoff. <\/p>\n<p>Ewoud Butter<\/p>\n<p>Serie, gebaseerd op het boek van Tillie, begint <a href=\"https:\/\/www.anjameulenbelt.nl\/weblog\/2009\/04\/20\/verdeeld-land-gedeeld-land-2\/#more-13509\">hier.<\/a><\/p>\n","protected":false},"excerpt":{"rendered":"<p>(Jean Tillie) Ik heb het boek van Jean Tillie gelezen, Gedeeld land. Het multiculturele ongemak van Nederland. Ik vind het erg goed, verhelderend, het geeft een begrippenkader aan waarmee we de discussie over integratie zonder meer op een hoger plan &hellip; <a href=\"https:\/\/www.anjameulenbelt.nl\/weblog\/2009\/04\/19\/verdeeld-land-gedeeld-land-1\/\">Lees verder <span class=\"meta-nav\">&rarr;<\/span><\/a><\/p>\n","protected":false},"author":2,"featured_media":0,"comment_status":"open","ping_status":"open","sticky":false,"template":"","format":"standard","meta":{"footnotes":"","_jetpack_memberships_contains_paid_content":false},"categories":[6,145,14],"tags":[88,160,184],"jetpack_sharing_enabled":true,"jetpack_featured_media_url":"","_links":{"self":[{"href":"https:\/\/www.anjameulenbelt.nl\/weblog\/wp-json\/wp\/v2\/posts\/13502"}],"collection":[{"href":"https:\/\/www.anjameulenbelt.nl\/weblog\/wp-json\/wp\/v2\/posts"}],"about":[{"href":"https:\/\/www.anjameulenbelt.nl\/weblog\/wp-json\/wp\/v2\/types\/post"}],"author":[{"embeddable":true,"href":"https:\/\/www.anjameulenbelt.nl\/weblog\/wp-json\/wp\/v2\/users\/2"}],"replies":[{"embeddable":true,"href":"https:\/\/www.anjameulenbelt.nl\/weblog\/wp-json\/wp\/v2\/comments?post=13502"}],"version-history":[{"count":4,"href":"https:\/\/www.anjameulenbelt.nl\/weblog\/wp-json\/wp\/v2\/posts\/13502\/revisions"}],"predecessor-version":[{"id":57880,"href":"https:\/\/www.anjameulenbelt.nl\/weblog\/wp-json\/wp\/v2\/posts\/13502\/revisions\/57880"}],"wp:attachment":[{"href":"https:\/\/www.anjameulenbelt.nl\/weblog\/wp-json\/wp\/v2\/media?parent=13502"}],"wp:term":[{"taxonomy":"category","embeddable":true,"href":"https:\/\/www.anjameulenbelt.nl\/weblog\/wp-json\/wp\/v2\/categories?post=13502"},{"taxonomy":"post_tag","embeddable":true,"href":"https:\/\/www.anjameulenbelt.nl\/weblog\/wp-json\/wp\/v2\/tags?post=13502"}],"curies":[{"name":"wp","href":"https:\/\/api.w.org\/{rel}","templated":true}]}}