{"id":13635,"date":"2009-05-12T07:39:29","date_gmt":"2009-05-12T05:39:29","guid":{"rendered":"http:\/\/www.anjameulenbelt.nl\/weblog\/2009\/05\/12\/de-sp-gaat-niet-met-de-pvv-regeren\/"},"modified":"2009-05-12T20:27:10","modified_gmt":"2009-05-12T18:27:10","slug":"de-sp-gaat-niet-met-de-pvv-regeren","status":"publish","type":"post","link":"https:\/\/www.anjameulenbelt.nl\/weblog\/2009\/05\/12\/de-sp-gaat-niet-met-de-pvv-regeren\/","title":{"rendered":"De SP gaat niet met de PVV regeren"},"content":{"rendered":"<p><a href='https:\/\/www.anjameulenbelt.nl\/weblog\/wp-content\/uploads\/2008\/09\/raad-19.jpg' title='raad-19.jpg'><img src='https:\/\/www.anjameulenbelt.nl\/weblog\/wp-content\/uploads\/2008\/09\/raad-19.jpg' alt='raad-19.jpg' \/><\/a><\/p>\n<p>Duidelijke en ferme uitspraken van fractievoorzitter Agnes Kant: mocht het zover komen: de SP gaat niet regeren met de PVV. Daarmee hebben nu drie partijen gezegd dat ze dat niet zullen doen: D66, de Christen Unie en de Socialistische Partij. <\/p>\n<p>Meerdere redenen, waaronder: &#8220;zij discrimineren, wij niet.&#8221;<br \/>\n<!--more--><br \/>\n<em>Andere partijen stemmen ook vaak in met liberaliseringen.<\/em><br \/>\n\u201cDe PVV wil ook nog eens \u00e9\u00e9n miljoen Nederlanders over \u00e9\u00e9n kam scheren, ze discrimineren op basis van geloof. In 2007 stelde Wilders een totale immigratiestop in voor mensen uit moslimlanden. Er wordt dus niet gekeken wat mensen doen, maar naar afkomst. Dat heet discriminatie en daar doen wij niet aan mee.\u201d<\/p>\n<p><em>Hij zegt dat hij daarmee de vrijheid wil verdedigen.<\/em><br \/>\n\u201cJe kunt niet tegelijk \u00e9n strijden voor vrijheid \u00e9n anderen diezelfde vrijheid ontnemen. Je kunt jezelf niet Partij voor de Vrijheid noemen, en dan de Koran willen verbieden. En Geert Wilders wil zelf de hele wereld over reizen om zijn boodschap te verkondingen. Dan moet hij anderen dat recht ook gunnen. Om dan andere mensen vanwege hun religieuze overtuiging aan de grens te willen weren, is hypocriet en bovendien onzinnig. Maar blijkbaar heeft Wilders minder vertrouwen in de kracht en weerbaarheid van de democratie en de rechtstaat dan de SP.\u201d<\/p>\n<p>Meer te vinden op de SP site: <a href=\"http:\/\/www.sp.nl\/nieuwsberichten\/6692\/090511-regeren_met_pvv_is_voor_sp_geen_optie.html\">hier.<\/a><\/p>\n","protected":false},"excerpt":{"rendered":"<p>Duidelijke en ferme uitspraken van fractievoorzitter Agnes Kant: mocht het zover komen: de SP gaat niet regeren met de PVV. Daarmee hebben nu drie partijen gezegd dat ze dat niet zullen doen: D66, de Christen Unie en de Socialistische Partij. &hellip; <a href=\"https:\/\/www.anjameulenbelt.nl\/weblog\/2009\/05\/12\/de-sp-gaat-niet-met-de-pvv-regeren\/\">Lees verder <span class=\"meta-nav\">&rarr;<\/span><\/a><\/p>\n","protected":false},"author":2,"featured_media":0,"comment_status":"open","ping_status":"open","sticky":false,"template":"","format":"standard","meta":{"footnotes":"","_jetpack_memberships_contains_paid_content":false},"categories":[1,12],"tags":[],"jetpack_sharing_enabled":true,"jetpack_featured_media_url":"","_links":{"self":[{"href":"https:\/\/www.anjameulenbelt.nl\/weblog\/wp-json\/wp\/v2\/posts\/13635"}],"collection":[{"href":"https:\/\/www.anjameulenbelt.nl\/weblog\/wp-json\/wp\/v2\/posts"}],"about":[{"href":"https:\/\/www.anjameulenbelt.nl\/weblog\/wp-json\/wp\/v2\/types\/post"}],"author":[{"embeddable":true,"href":"https:\/\/www.anjameulenbelt.nl\/weblog\/wp-json\/wp\/v2\/users\/2"}],"replies":[{"embeddable":true,"href":"https:\/\/www.anjameulenbelt.nl\/weblog\/wp-json\/wp\/v2\/comments?post=13635"}],"version-history":[{"count":0,"href":"https:\/\/www.anjameulenbelt.nl\/weblog\/wp-json\/wp\/v2\/posts\/13635\/revisions"}],"wp:attachment":[{"href":"https:\/\/www.anjameulenbelt.nl\/weblog\/wp-json\/wp\/v2\/media?parent=13635"}],"wp:term":[{"taxonomy":"category","embeddable":true,"href":"https:\/\/www.anjameulenbelt.nl\/weblog\/wp-json\/wp\/v2\/categories?post=13635"},{"taxonomy":"post_tag","embeddable":true,"href":"https:\/\/www.anjameulenbelt.nl\/weblog\/wp-json\/wp\/v2\/tags?post=13635"}],"curies":[{"name":"wp","href":"https:\/\/api.w.org\/{rel}","templated":true}]}}