{"id":14506,"date":"2009-09-14T22:16:07","date_gmt":"2009-09-14T20:16:07","guid":{"rendered":"http:\/\/www.anjameulenbelt.nl\/weblog\/2009\/09\/14\/praten-met-hamas-3\/"},"modified":"2009-09-15T08:28:07","modified_gmt":"2009-09-15T06:28:07","slug":"praten-met-hamas-3","status":"publish","type":"post","link":"https:\/\/www.anjameulenbelt.nl\/weblog\/2009\/09\/14\/praten-met-hamas-3\/","title":{"rendered":"Praten met Hamas"},"content":{"rendered":"<p>OPROEP<\/p>\n<p>Dit is een actie van vier samenwerkende organisaties:<br \/>\nEen Ander Joods Geluid (EAJG)<br \/>\nNederlands Instituut Palestina Isra\u00ebl (NIPI)<br \/>\nGate48, platform voor kritische Isra\u00ebli\u00ebrs<br \/>\nSIVMO, Steuncomite Isra\u00eblische Vredes- en Mensenrechten Organisaties<br \/>\n<!--more--><br \/>\nHet slepende conflict tussen Isra\u00ebl en de Palestijnen kan alleen opgelost worden met praten. De weg van confrontatie en geweld heeft slechts tot veel menselijk lijden en verscherping van de tegenstellingen geleid. Om een vredesregeling mogelijk te maken moet de westerse boycot van Hamas worden opgeheven. Nederland moet er aan meewerken dat Hamas door de Europese Unie zonder beperkingen wordt aanvaard als gesprekspartner.<\/p>\n<p>Jarenlang drong de Europese Unie er bij Hamas op aan haar doelstellingen niet via geweld maar via de politieke weg na te streven. Zowel de EU als de USA reageerden daarom positief toen Hamas in 2006 voor het eerst deelnam aan de alom geprezen vrije verkiezingen voor het Palestijnse parlement. Dat enthousiasme verdween toen bleek dat de verkiezingen door Hamas waren gewonnen. Een voorstel van Hamas om een gezamenlijke regering met Fatah te vormen werd getroffen door een westerse blokkade. Maar ondanks de Isra\u00eblische afsluiting van Gaza en het recente brute oorlogsgeweld is Hamas een blijvende factor in Palestina.    <\/p>\n<p>Thans wordt er opnieuw onderhandeld over de vorming van een Hamas-Fatah regering, die namens de overgrote meerderheid van de Palestijnse bevolking over een vredesregeling zal kunnen onderhandelen. Een be\u00ebindiging van de westerse boycot van Hamas is een eerste stap en een noodzakelijke voorwaarde op weg naar vrede en verzoening.<\/p>\n<p>De drie samenwerkende organisaties hebben besloten via een pagina-grote advertentie in NRC Handelsblad de Nederlandse regering op te roepen een einde te maken aan de uitsluiting van Hamas. We vragen U de oproep in deze advertentie te ondersteunen.<\/p>\n<p>Max Wieselmann, secretaris van Een Ander Joods Geluid (EAJG)<br \/>\nGalit Saporta, voorzitter van Gate48, Platform voor Kritische Isra\u00ebli&#8217;s<br \/>\nRadi Suudi, voorzitter van het Nederlands Instituut Palestina-Isra\u00ebl(NIPI)<br \/>\nJan Slomp, voorzitter van het Steuncomit\u00e9 Isra\u00eblische Vredes- en Mensenrechten Organisaties (SIVMO)<\/p>\n","protected":false},"excerpt":{"rendered":"<p>OPROEP Dit is een actie van vier samenwerkende organisaties: Een Ander Joods Geluid (EAJG) Nederlands Instituut Palestina Isra\u00ebl (NIPI) Gate48, platform voor kritische Isra\u00ebli\u00ebrs SIVMO, Steuncomite Isra\u00eblische Vredes- en Mensenrechten Organisaties<\/p>\n","protected":false},"author":2,"featured_media":0,"comment_status":"open","ping_status":"open","sticky":false,"template":"","format":"standard","meta":{"footnotes":"","_jetpack_memberships_contains_paid_content":false},"categories":[2],"tags":[],"jetpack_sharing_enabled":true,"jetpack_featured_media_url":"","_links":{"self":[{"href":"https:\/\/www.anjameulenbelt.nl\/weblog\/wp-json\/wp\/v2\/posts\/14506"}],"collection":[{"href":"https:\/\/www.anjameulenbelt.nl\/weblog\/wp-json\/wp\/v2\/posts"}],"about":[{"href":"https:\/\/www.anjameulenbelt.nl\/weblog\/wp-json\/wp\/v2\/types\/post"}],"author":[{"embeddable":true,"href":"https:\/\/www.anjameulenbelt.nl\/weblog\/wp-json\/wp\/v2\/users\/2"}],"replies":[{"embeddable":true,"href":"https:\/\/www.anjameulenbelt.nl\/weblog\/wp-json\/wp\/v2\/comments?post=14506"}],"version-history":[{"count":0,"href":"https:\/\/www.anjameulenbelt.nl\/weblog\/wp-json\/wp\/v2\/posts\/14506\/revisions"}],"wp:attachment":[{"href":"https:\/\/www.anjameulenbelt.nl\/weblog\/wp-json\/wp\/v2\/media?parent=14506"}],"wp:term":[{"taxonomy":"category","embeddable":true,"href":"https:\/\/www.anjameulenbelt.nl\/weblog\/wp-json\/wp\/v2\/categories?post=14506"},{"taxonomy":"post_tag","embeddable":true,"href":"https:\/\/www.anjameulenbelt.nl\/weblog\/wp-json\/wp\/v2\/tags?post=14506"}],"curies":[{"name":"wp","href":"https:\/\/api.w.org\/{rel}","templated":true}]}}