{"id":15747,"date":"2009-12-27T07:30:48","date_gmt":"2009-12-27T07:30:48","guid":{"rendered":"http:\/\/www.anjameulenbelt.nl\/weblog\/2009\/12\/27\/hamburger-vs-rabbijn-evers\/"},"modified":"2011-07-25T13:56:05","modified_gmt":"2011-07-25T11:56:05","slug":"hamburger-vs-rabbijn-evers","status":"publish","type":"post","link":"https:\/\/www.anjameulenbelt.nl\/weblog\/2009\/12\/27\/hamburger-vs-rabbijn-evers\/","title":{"rendered":"Hamburger vs rabbijn Evers"},"content":{"rendered":"<p><a href='https:\/\/www.anjameulenbelt.nl\/weblog\/wp-content\/uploads\/2008\/07\/gent-420.jpg' title='gent-420.jpg'><img src='https:\/\/www.anjameulenbelt.nl\/weblog\/wp-content\/uploads\/2008\/07\/gent-420.jpg' alt='gent-420.jpg' \/><\/a><br \/>\n(Jaap Hamburger)<\/p>\n<p>Dat de mensen die te vuur en te zwaard Isra\u00ebl verdedigen, ongeacht gepleegd onrecht, schendingen van mensenrechten en internationaal recht, en een barbaars beleid tegenover de Palestijnen niet blij zouden zijn met het Kairos rapport van Palestijnse christenen was nogal voorspelbaar. Dat Rabbijn Evers die in de vernoemde categorie valt ook van zich zou laten horen was ook al te voorzien. Rabbijn Evers ontkent dat er in Palestina\/Israel sprake is van bezetting, met een simpele redenering: wat je bezit al is kun je niet bezetten, en heel Groot-Isra\u00ebl, inclusief het stuk van het land waar nog Palestijnen wonen is nu eenmaal van de joden. Is het nog de moeite om die verstokte aanhangers van &#8216;eigen volk eerst&#8217; nog van repliek te dienen? De aanbidders van een God die voor etnische zuivering zou zijn, als het maar de gojim zijn die worden verdreven? Misschien toch: omdat ze ook nog vaak de gewoonte hebben om te doen alsof ze namens alle joden spreken. En dat is, goddank, niet waar. Jaap Hamburger, van Een Ander Joods Geluid vond het de moeite om een repliek te formuleren.<br \/>\n<!--more--><br \/>\nHet artikel van rabbijn Evers, <a href=\"http:\/\/www.nd.nl\/artikelen\/2009\/december\/22\/kairos-document-is-een-slag-in-het-gezicht-van-het\">hier.<\/a><\/p>\n<p><a href='https:\/\/www.anjameulenbelt.nl\/weblog\/wp-content\/uploads\/2009\/12\/evers.jpg' title='evers.jpg'><img src='https:\/\/www.anjameulenbelt.nl\/weblog\/wp-content\/uploads\/2009\/12\/evers.jpg' alt='evers.jpg' \/><\/a><\/p>\n<p>Kritiek Evers op Kairos-document niet legitiem<br \/>\n25-12-2009<\/p>\n<p>Rabbijn Raphael Evers heeft zichzelf buiten spel gezet om te oordelen over het Kairos-document van Palestijnse christenen<\/p>\n<p>In het onlangs verschenen \u2018Kairosdocument\u2019 beschrijven Palestijnse christenen de situatie van nood van de Palestijnen, christenen \u00e8n moslims, onder de Isra\u00eblische bezetting. Het document stuit in Nederland op verontwaardigde kritiek van onder meer joodskerkelijk zijde. Wij zijn de mening toegedaan, dat er geen enkele legitieme ruimte is voor kritiek, zoals die verwoord wordt door rabbijn Evers, de toonaangevende rabbijn van het Nederlands Isra\u00eblitisch Kerkgenootschap. Daarvoor hebben wij de volgende redenen.<\/p>\n<p>De heer Evers maakt al jaren openlijk bezwaar tegen het begrip \u2018bezetting\u2019. Hoe kunnen joden \u2018hun eigen, door God beloofde land\u2019 bezetten, redeneert hij. Daarmee doet Evers zich onmiddellijk al kennen als een fundamentalist, die zijn uitleg van wat hij houdt voor Gods woord, zoals dat in de Tora zou zijn vastgelegd, stelt boven het internationale recht. Dat spreekt immers onomwonden van de illegale bezetting door Isra\u00ebl van de Palestijnse gebieden.  Bovendien meent Evers dat anderen, namelijk de Palestijnen zich bij zijn uitleg hebben neer te leggen. In Evers\u2019 theologisch universum zijn de joden de enige rechtmatige eigenaren van de westelijke Jordaanoever, die Evers aanduidt met joods-Bijbelse namen. Voor Palestijnen is daar -ongeacht hun godsdienst- geen plaats, dan hoogstens onder Isra\u00eblische heerschappij. Voor Palestijnen daar geen eigen staat, hoe klein ook. Dit is fundamentalisme ten voeten uit: de overtuiging in een Goddelijke orde als enige groepering het ware geloof te bezitten en over de juiste uitleg daarvan te beschikken, gekoppeld aan het idee, dat anderen zich hebben te voegen naar die uitleg,  goedschiks of kwaadschiks.<\/p>\n<p>Omdat hij van geen \u2018bezetting\u2019 horen wil, is rabbijn Evers aanhanger van het nederzettingenbeleid, en tegenstander van het delen van Jeruzalem en, als gezegd van een Palestijnse staat op de Westoever. De rabbijn vertegenwoordigt aldus in Nederland het compromisloze streven van de joodse kolonisten naar een Groot Isra\u00ebl. Laat duidelijk zijn: de nederzettingen zijn illegaal, maar Evers heeft het recht zijn opvatting uit te dragen, hoe verwoestend die ook zijn mag voor elk perspectief op een rechtvaardige vrede, waar ook Isra\u00ebl alle baat bij zou hebben. Het getuigt evenwel van een dubbele standaard de gevolgen van een dergelijk beleid voor de Palestijnen niet te willen zien.<\/p>\n<p>Omdat hij denkt dat hij de waarheid in pacht heeft, meent Evers bovendien, dat joden hoogstaander zijn, in ieder geval in het Midden Oosten. \u2018Wij\u2019(! ) zijn moreel superieur aan onze omgeving\u2019, schreef Evers, die in Nederland woont, in het Nieuw Isra\u00eblitisch Weekblad over Isra\u00ebl.<\/p>\n<p>Zijn opvattingen beperken zich daarbij niet tot het Mandaatgebied Palestina. Evers is ook de man die in hetzelfde weekblad in 2006 zijn rabbinale zegen heeft gegeven aan de door Isra\u00ebl tegen Libanon ontketende oorlog, zo goed als hij ruim twee jaar later zijn volledige en onvoorwaardelijke solidariteit heeft betoond met de Isra\u00eblisch aanval op de burgerbevolking van Gaza. Voor zover valt na te gaan, heeft Evers nooit zijn stem verheven tegen de wurgende en bijna totale blokkade van Gaza, niet voor noch na de oorlog van 2008\/2009.<\/p>\n<p>Evers is derhalve een rabbijn die bezetting, onderdrukking, annexatie, boycot, oorlog en verwoesting negeert of zelfs zonder merkbare terughoudendheid rechtpraat, zolang die door joden worden bedreven. Het idee dat Isra\u00ebl een ander volk of land kwaad zou kunnen doen, is voor Evers ondenkbaar. Voor hem is er altijd een excuus. Evers leeft in een niet bestaande wereld. Een mentaal getto, waarin, omgekeerd, altijd anderen er op azen joden te belagen en te schaden.<\/p>\n<p>Evers is meester  in de rechten en doctorandus in de psychologie; hij wordt geprezen om zijn geleerdheid in joodse zaken en bekleedt tal van functies in \u2018het joodse leven\u2019. Sommigen zouden hem graag zien als opperrabbijn. Een gevierd man, die ten prooi is gevallen aan een ongeneeslijke verwarring tussen religieus jodendom en een extreme vorm van politiek zionisme, de leer die voor joden het hele Mandaatgebied Palestina als eigen staat opeist. \u2018Isra\u00ebl\u2019 is voor Evers  een religieuze gemeenschap, die alle denkbare politiek-militaire middelen mag aanwenden om haar doelen te bereiken. Het is deze verwarring, die hem ertoe brengt te menen dat iemand \u2018joodser\u2019 is, naarmate hij zich zionistischer gedraagt. De rijke humanitaire en emancipatoire tradities van het jodendom zijn in die verwarring spoorloos verdwenen. Dat onder rabbijnen echter heel andere opvattingen mogelijk zijn,bewijzen de Rabbi\u2019s for Human Rights in Isra\u00ebl en Amerika, en andere joods-religieuze organisaties die bindingen hebben met de kritisch-joodse stem.<\/p>\n<p>Het Kairosdocument geeft de Palestijns-christelijke kijk op de situatie van de Palestijnen onder bezetting weer, en probeert daartegen hoop en actiemiddelen aan te dragen. Evers noemt het document \u2018onmiskenbaar eenzijdig\u2019, en \u2018een regelrechte oorlogsverklaring aan Isra\u00ebl\u2019. Dit zegt de man uit wiens mond nog nooit \u00e9\u00e9n kritisch woord over Isra\u00ebls optreden te horen viel, uit wiens pen nog nooit \u00e9\u00e9n kritisch woord over Isra\u00ebl is gevloeid, die ons elke oorlog die Isra\u00ebl heeft gevoerd heeft aangeprezen. En dat waren echte oorlogen, met bommen, fosfor en granaten, geen papieren noodkreten als het Kairosdocument. Zo\u2019n houding zou niet \u2018onmiskenbaar eenzijdig\u2019 zijn?<\/p>\n<p>Omdat de categorische ontkenning van de bezetting Evers\u2019 centrale  leerstuk is, is voor hem in de discussie over de zaken waar het Kairosdocument aandacht voor vraagt geen plaats, niet voor zijn mening en niet voor zijn boosheid. Evers heeft over de bezetting net zo veel recht van spreken, als iemand die het bestaan van God loochent gerechtigd is, zijn mening over de kwaliteiten van God ten beste te geven. Het geeft geen pas, dat Evers de Palestijnse christenen kapittelt over hun analyse van een situatie, die hij als niet bestaand  beschouwt. Dat geldt evenzeer voor het Nederlands  Isra\u00eblitisch Kerkgenootschap waarvan hij de zegsman is, en voor al degenen in joods en christelijk Nederland die zich in deze discussie willen mengen, zonder het kardinale uitgangspunt te accepteren: Isra\u00ebl bezet illegaal de Palestijnse gebieden en onderdrukt de Palestijnen met een militair regime. De bezetting niet erkennen impliceert: Palestijnen niet erkennen als bevoegd en in staat tot het beschrijven van hun eigen situatie. Het uitgangspunt van de discussie keihard ontkennen, maar wel  een mening ten beste geven, zoals Evers en anderen doen, houden wij voor onwaarachtig.<\/p>\n<p>Is er dan niets waarin wij het met Evers eens kunnen zijn? Jawel! Hij werpt de kerken voor de voeten: \u2018ik ervaar het als een zonde tegen G&#8217;d en de mensheid om je Joodse roots zo te verloochenen\u2019. Wie de schoen past, trekke  hem aan. Evers zelf verkwanselt het humanitaire jodendom voor niet te rechtvaardigen aanspraken op territorium en op een \u2018ondeelbaar\u2019 Jeruzalem.  Voor 130 nederzettingen verraadt hij een joodse geestes- en levenshouding,  laat hij toe dat een ander volk crepeert door toedoen van Isra\u00ebl  en stelt hij het schier wanhopige protest daartegen in een kwaad daglicht.<\/p>\n<p>Het valt te hopen dat noch de bisschoppenconferentie, noch de PKN zich laten chanteren of zelfs maar leiden door \u2018de onderdrukkingstheologie\u2019 die Evers en de zijnen verkondigen. Als dat uitmondt in een verstoring van de opgebouwde relatie, waarmee Evers hen dreigt, is dat niet als verlies te beschouwen, aangezien die relatie de kerken belemmert in een vrije meningsvorming over het Midden Oosten conflict en hen zelfs kan compromitteren in hun houding en gedrag tegenover hun medechristenen, het Palestijnse volk en de bezetting.<\/p>\n<p>Bestuur Stichting Een Ander Joods Geluid, 26 december 2009<br \/>\nBron: EAJG Website: <a href=\"http:\/\/www.eajg.nl\/\">hier.<\/a> <\/p>\n","protected":false},"excerpt":{"rendered":"<p>(Jaap Hamburger) Dat de mensen die te vuur en te zwaard Isra\u00ebl verdedigen, ongeacht gepleegd onrecht, schendingen van mensenrechten en internationaal recht, en een barbaars beleid tegenover de Palestijnen niet blij zouden zijn met het Kairos rapport van Palestijnse christenen &hellip; <a href=\"https:\/\/www.anjameulenbelt.nl\/weblog\/2009\/12\/27\/hamburger-vs-rabbijn-evers\/\">Lees verder <span class=\"meta-nav\">&rarr;<\/span><\/a><\/p>\n","protected":false},"author":2,"featured_media":0,"comment_status":"open","ping_status":"open","sticky":false,"template":"","format":"standard","meta":{"footnotes":"","_jetpack_memberships_contains_paid_content":false},"categories":[2],"tags":[82],"jetpack_sharing_enabled":true,"jetpack_featured_media_url":"","_links":{"self":[{"href":"https:\/\/www.anjameulenbelt.nl\/weblog\/wp-json\/wp\/v2\/posts\/15747"}],"collection":[{"href":"https:\/\/www.anjameulenbelt.nl\/weblog\/wp-json\/wp\/v2\/posts"}],"about":[{"href":"https:\/\/www.anjameulenbelt.nl\/weblog\/wp-json\/wp\/v2\/types\/post"}],"author":[{"embeddable":true,"href":"https:\/\/www.anjameulenbelt.nl\/weblog\/wp-json\/wp\/v2\/users\/2"}],"replies":[{"embeddable":true,"href":"https:\/\/www.anjameulenbelt.nl\/weblog\/wp-json\/wp\/v2\/comments?post=15747"}],"version-history":[{"count":1,"href":"https:\/\/www.anjameulenbelt.nl\/weblog\/wp-json\/wp\/v2\/posts\/15747\/revisions"}],"predecessor-version":[{"id":52327,"href":"https:\/\/www.anjameulenbelt.nl\/weblog\/wp-json\/wp\/v2\/posts\/15747\/revisions\/52327"}],"wp:attachment":[{"href":"https:\/\/www.anjameulenbelt.nl\/weblog\/wp-json\/wp\/v2\/media?parent=15747"}],"wp:term":[{"taxonomy":"category","embeddable":true,"href":"https:\/\/www.anjameulenbelt.nl\/weblog\/wp-json\/wp\/v2\/categories?post=15747"},{"taxonomy":"post_tag","embeddable":true,"href":"https:\/\/www.anjameulenbelt.nl\/weblog\/wp-json\/wp\/v2\/tags?post=15747"}],"curies":[{"name":"wp","href":"https:\/\/api.w.org\/{rel}","templated":true}]}}