{"id":1612,"date":"2006-05-03T11:08:00","date_gmt":"2006-05-03T09:08:00","guid":{"rendered":"http:\/\/www.anjameulenbelt.nl\/weblog\/2006\/03\/02\/kort\/"},"modified":"2006-05-03T11:18:29","modified_gmt":"2006-05-03T09:18:29","slug":"kort-37","status":"publish","type":"post","link":"https:\/\/www.anjameulenbelt.nl\/weblog\/2006\/05\/03\/kort-37\/","title":{"rendered":"KORT"},"content":{"rendered":"<p>KORT vandaag:<br \/>\nBenzakour op 4 mei, Amsterdam<br \/>\nFisk over Palestina, Clingendael<br \/>\nIKV over Jeruzalem, Den Haag<br \/>\nDemonstratie Stop de Herkeuringen, Den Haag<br \/>\nDebat Dijkstal en Scheffer, Amsterdam<br \/>\nPlant een olijfboom, actie<br \/>\nPalestijns Festival, Amsterdam<br \/>\n<!--more--><br \/>\nKORT is een rubriek voor korte berichten, bijeenkomsten, verwijzingen, aanbevelingen. Het is bedoeld als service, niet als discussiebijdrage. Commentaren worden alleen bij uitzondering geplaatst.<br \/>\n&#8212;&#8212;&#8212;&#8212;&#8212;&#8212;&#8212;&#8212;&#8212;&#8212;&#8212;&#8212;&#8212;&#8212;&#8212;&#8212;&#8212;&#8212;&#8212;&#8212;&#8212;&#8212;&#8212;&#8212;&#8212;&#8212;&#8212;&#8212;<br \/>\nAan de vooravond van de dodenherdenking en de viering van 5 mei zal Mohammed Benzakour een lezing geven over het thema <strong>De andere vrijheid.<\/strong> Wij leven in een wereld waarin elke lokale gebeurtenis mondiale gevolgen kan hebben, zoals laatst weer bleek uit de cartoonaffaire. Vanuit de overheid worden nu allerlei (veiligheids)voorschriften doorgevoerd die de bewegingsruimte in de publieke ruimte en de communicatievrijheid in minder en meerdere mate vastleggen. <\/p>\n<p>Waar liggen de grenzen van onze bewegingsvrijheid in het publieke domein? Kan men bepaalde radicale uitingen in de media en internet aan banden leggen, zoals men in CDA-kring wil? Kan Rotterdam een code opstellen met gedragsregels die vooral is gericht op de niet-westerse allochtonen en moslims? Kan er censuur worden toegepast op zoekmachines als Yahoo en Google zoals de Chinese overheid dat onlangs eiste? Is hier dan niet juist sprake van de inperking van het vrije woord? Hoe kan internet nog als vrije informatieruimte functioneren als daar offici\u00eble en onoffici\u00eble visies op belangrijke sociale en politieke thema\u2019s met elkaar botsen? Wat te doen met radicalisering op internet? Hoever kan een overheid gaan in het reguleren van zaken? En wat is de rol van de burger daarin?<\/p>\n<p>Benzakour (Marokko, 1972) is columnist en publicist en noemt zichzelf \u2018de enige Reviaan van Marokkaanse origine\u2019. In zijn geschriften maakt hij zich al jaren druk over de teloorgang van belangrijke burgerlijke vrijheden onder het mom van \u2018veiligheid\u2019. Door velen wordt hij of verguisd \u00f3f bejubeld \u2013 een positie waar hij trots op is. Met zijn boek Abou Jahjah, nieuwlichter of oplichter? (2004) bracht hij op indringende wijze in kaart hoe tendentieus in Nederland en Belgi\u00eb met het politieke fenomeen Dyab Abou Jahjah is omgesprongen. In mei 2005 verscheen Osama\u2019s Grot \u2013 een sprankelende bundel beschouwingen en columns op het breukvlak van twee culturen. Zijn publicaties leverden hem o.a. De Amsterdamse Media Prijs en de Zilveren Zebra 2001 op. In juni 2005 werd hij door het Humanistisch Vredesberaad i.s.m. het Huis van Erasmus bekroond met de prijs Journalist voor de Vrede 2005\/2006.<\/p>\n<p>De Andere Vrijheid &#8211; do 4 mei, 17.00u, Felix Meritis, A\u2019dam<br \/>\n&#8212;&#8212;&#8212;&#8212;&#8212;&#8212;&#8212;&#8212;&#8212;&#8212;&#8212;&#8212;&#8212;&#8212;&#8212;&#8212;&#8212;&#8212;&#8212;&#8212;&#8212;&#8212;&#8212;&#8212;&#8212;&#8212;&#8212;-<\/p>\n<p>Op vrijdag 19 mei zal Robert Fisk een lezing geven met als titel \u2018<strong> The Israeli-Palestinian conflict and the role of the Western public opinion\u2019<\/strong>. <\/p>\n<p>Deze bijeenkomst wordt georganiseerd door Instituut Clingendael, het Nederlands Instituut Palestina\/Isra\u00ebl en de Dick Scherpenzeel Stichting.<\/p>\n<p>Namens het bestuur van de Dick Scherpenzeel Stichting stuur ik u hierbij een uitnodiging voor deze lezing.<\/p>\n<p>Er is een beperkt aantal plaatsen beschikbaar. U kunt zich voor deze lezing aanmelden door voor 12 mei een email te sturen aan chave@clingendael.nl<br \/>\n&#8212;&#8212;&#8212;&#8212;&#8212;&#8212;&#8212;&#8212;&#8212;&#8212;&#8212;&#8212;&#8212;&#8212;&#8212;&#8212;&#8212;&#8212;&#8212;&#8212;&#8212;&#8212;&#8212;&#8212;&#8212;&#8212;&#8212;<br \/>\nSeminar: <strong>Jeruzalem, twistappel of vredesstad?<\/strong><br \/>\nDinsdag 16 mei, Kloosterkerk, Den Haag<\/p>\n<p>Op dinsdag 16 mei van 13.00 uur tot 18.00 uur organiseert het IKV het seminar \u2018Jeruzalem, twistappel of vredesstad\u2019 in de Kloosterkerk, Lange Voorhout 2 in Den Haag.<br \/>\nTijdens dit seminar staan twee vragen centraal: Wat is de betekenis &#8211; zowel religieus, cultureel als politiek &#8211; van Jeruzalem voor Isra\u00ebli\u00ebrs en Palestijnen? En hoe kan Jeruzalem, in plaats van twistappel te zijn, bijdragen aan een oplossing van het conflict. Bij dit laatste gaat het om de huidige politieke situatie, maar vooral ook om die inwoners van Jeruzalem die ook in deze situatie blijven streven naar een \u2018open stad\u2019 waar gewerkt wordt aan een politieke oplossing van het conflict. Hoe zien zij de toekomst van Jeruzalem en welke steun vragen zij van ons om de toekomst open te houden? <\/p>\n<p>Voor het seminar zijn sprekers uit Isra\u00ebl en de Palestijnse gebieden uitgenodigd als Danny Seideman, gespecialiseerd in juridische issues die met Jeruzalem te maken hebben, dr. Moshe Amirav, voormalig adviseur van Barak en professor aan de Universiteit van Jeruzalem, mr. Hanna Siniora, hoofd van IPCRI, het Isra\u00eblisch Palestijnse Centrum voor Studie en Informatie en Jeruzalem-specialist  en Walid Salem, vredesactivist en directeur Panorama Jeruzalem. De spreektaal tijdens het seminar is Engels. <\/p>\n<p>Meldt u voor 10 mei aan bij het IKV, via telefoon, e-mail (jkuik@ikv.nl) of schriftelijk. U ontvangt dan tijdig de inhoudelijke informatie over het seminar.  <\/p>\n<p>Dit seminar is de eerste van discussies over \u2018The Final Status Issues\u2019: drie seminars over de conflictpunten tussen Isra\u00ebl en de Palestijnen. De volgende seminars gaan over grenzen (8 september 2006) en vluchtelingen (17 november 2006). Het IKV organiseert deze reeks \u2018The Final Status Issues\u2019 omdat, nu vredesonderhandelingen verder weg lijken dan ooit, de aandacht voor de echte conflictpunten die alleen in onderhandelingen zijn op te lossen, niet mag verdwijnen.<\/p>\n<p>&#8212;&#8212;&#8212;&#8212;&#8212;&#8212;&#8212;&#8212;&#8212;&#8212;&#8212;&#8212;&#8212;&#8212;&#8212;&#8212;&#8212;&#8212;&#8212;&#8212;&#8212;&#8212;&#8212;&#8212;&#8212;&#8212;&#8212;&#8212;-<br \/>\n <strong>Actiecomit\u00e9 &#8220;Stop de Herkeuringen&#8221; opgericht<\/strong><\/p>\n<p>Demonstratie 17 mei 12.00 tot 14.00 Den Haag<br \/>\nOm de stilte rond de herbeoordelingen van WAO-ers te doorbreken en te<br \/>\nwijzen op de financi\u00eble slachting onder WAO-ers, is door een groot<br \/>\naantal landelijke belangenbehartigers het actiecomit\u00e9 &#8220;Stop de<br \/>\nHerkeuringen&#8221; opgericht.<\/p>\n<p>Van ruim 46.000 WAO-ers is na de herbeoordeling de uitkering verlaagd<br \/>\nof ingetrokken. Dat is de helft van het aantal mensen dat tot nu toe<br \/>\nde herbeoordeling heeft ondergaan. De groep die nu zonder<br \/>\nWAO-uitkering zit is tweemaal zo groot als de groep met een verlaagde<br \/>\nuitkering.<\/p>\n<p>Deze mensen zijn radeloos. De regering stelt werk boven een uitkering.<br \/>\nDe werkelijkheid is dat van de herbeoordeelden slechts 3400 mensen een baan hebben gevonden.<\/p>\n<p>Het overgrote deel van de WAO-ers zou dolgraag willen werken, maar hun gezondheidstoestand moet dat wel toelaten en werkgevers moeten bereid zijn om ze aan te nemen. Dat is niet zo. Daarom leiden de<br \/>\nherbeoordelingen alleen maar tot slachtoffers. De onrechtvaardige en onmenselijke herkeuringen moeten daarom stoppen.<\/p>\n<p>Het actiecomit\u00e9 roept op tot een demonstratie op 17 mei van 12.00 tot<br \/>\n14.00 in Den Haag, zie voor info: www.waotrefpunt.com<\/p>\n<p>Aan de kamerleden zal een petitie worden aangeboden.<\/p>\n<p>Omdat niet alleen de WAO-ers de dupe zijn van het beleid van het<br \/>\nkabinet, maar ook de mensen die nu of in de toekomst aanspraak willen<br \/>\ngaan maken op de per 1 januari 2006 aangenomen Wet WIA, roept het<br \/>\nactiecomit\u00e9 ook gezond Nederland op mee te gaan. De gezonde van<br \/>\nvandaag kan de zieke van morgen zijn!<br \/>\nAanmelden om mee te gaan op de actiedag op 17 Mei in Den Haag via<br \/>\nemailadres: proheadlimburg@gmail.com<\/p>\n<p>Paul Ulenbelt<br \/>\nSociale Zaken<br \/>\nSP Tweede Kamerfractie<br \/>\nPostbus 20018, 2500 EA<br \/>\nDen Haag<br \/>\n&#8212;&#8212;&#8212;&#8212;&#8212;&#8212;&#8212;&#8212;&#8212;&#8212;&#8212;&#8212;&#8212;&#8212;&#8212;&#8212;&#8212;&#8212;&#8212;&#8212;&#8212;&#8212;&#8212;&#8212;&#8212;&#8212;&#8211;<br \/>\nVerdraagzaamheid<br \/>\n<strong>In gesprek met Hans Dijkstal en Paul Scheffer<\/strong><br \/>\nDinsdag 9 mei 2006, 19.30 uur <\/p>\n<p>Eerste bijeenkomst in de serie Nieuw Leiderschap 2006. Het begrip verdraagzaamheid is de leidraad voor gesprekken met Hans Dijkstal, oud-partijleider van de VVD en medeopsteller van het manifest E\u00e9n land, \u00e9\u00e9n samenleving, en Paul Scheffer, publicist. Interviews: Fred Bakker, ex-hoofdredacteur Het Financieele Dagblad.<br \/>\nDiscussie met de zaal: Harry Starren, directeur de Baak Management Centrum VNO-NCW. <\/p>\n<p>Onder de kop E\u00e9n land, \u00e9\u00e9n samenleving hebben oud-politici een manifest geschreven, waarin zij pleiten voor een herwaardering van het unieke Hollandse model van tolerantie en overleg. Zij constateren een snelle polarisatie en verharding van verhoudingen in de samenleving en in het beleid van de overheid. Nederland heeft daarmee volgens de opstellers van het manifest zijn onschuld, respect en rol als gidsland verloren. <\/p>\n<p>Hoeveel verschillen kan een samenleving dragen en waar wordt de eenheid gevonden? Hoe verdraagt een cultuur zich die niet door de Verlichting is gevormd, met een cultuur die daar wel door is bepaald? Zijn tolerantie en integratie begrippen die voortkomen uit een goed gastheerschap, waarbij gelijkwaardigheid centraal staat? Of moeten deze begrippen begrepen worden uit een goed gekozen eigenbelang, waarbij de gast de cultuur overneemt van de gastheer? <\/p>\n<p>Datum: Dinsdag 9 mei 2006<br \/>\nPlaats: De Rode Hoed, Keizersgracht 102, 1015 CV Amsterdam<br \/>\nAanvang: 19.30 uur<br \/>\nToegang: \u20ac 10,-<br \/>\nReserveren: Bij De Rode Hoed op werkdagen van 8.30 uur tot 17.30 uur<br \/>\nvia telefoonnummer (020) 638 56 06 en via de website www.rodehoed.nl<br \/>\n&#8212;&#8212;&#8212;&#8212;&#8212;&#8212;&#8212;&#8212;&#8212;&#8212;&#8212;&#8212;&#8212;&#8212;&#8212;&#8212;&#8212;&#8212;&#8212;&#8212;&#8212;&#8212;&#8212;&#8212;&#8212;&#8212;&#8212;&#8211;<br \/>\n\u201cHoud hoop levend &#8211; Plant een olijfboom!\u201d<\/p>\n<p>Sinds het begin van de tweede Intifada (volksopstand) in oktober 2000 heeft het Isra\u00eblische leger in de bezette Palestijnse gebieden duizenden hectaren landbouwgrond en honderdduizenden olijfbomen vernield.<\/p>\n<p>De vernielingen gaan tot op de dag van vandaag door. Olijfbomen worden vaak gekapt om plaats te maken voor de uitbreiding van nederzettingen en de bouw van de \u2018Muur\u2019. Dit beleid van Isra\u00ebl is door de internationale gemeenschap ondubbelzinnig veroordeeld als illegaal en staat vrede in de weg. Regelmatig worden olijfbomen vernield door kolonisten die in de illegale nederzettingen wonen.<\/p>\n<p>De gevolgen van de vernielingen zijn ernstig, omdat veel Palestijnse boeren en hun gezinnen van de opbrengsten van olijfbomen afhankelijk zijn. Toch koesteren de meeste van hen nog hoop op een vreedzame toekomst. U kunt hen helpen om deze hoop levend te houden. Sponsor een olijfboom in Palestina!<\/p>\n<p>www.plant-een-olijfboom.nl\/<br \/>\n&#8212;&#8212;&#8212;&#8212;&#8212;&#8212;&#8212;&#8212;&#8212;&#8212;&#8212;&#8212;&#8212;&#8212;&#8212;&#8212;&#8212;&#8212;&#8212;&#8212;&#8212;&#8212;&#8212;&#8212;&#8212;&#8212;&#8212;&#8211;<br \/>\nHet Palestijns Platform voor Mensenrechten en Solidariteit is zeer verheugd u te mogen uitnodigen voor het tweede Palestina Festival.<\/p>\n<p>De Palestijnen hebben het erg zwaar en ditmaal zijn niet alleen de Isra\u00ebli\u00ebrs de oorzaak hiervan maar zeker ook de Internationale gemeenschap.<br \/>\nIn deze barre tijden willen wij in Nederland mensen bij elkaar brengen die de Palestijnen, wel willen blijven steunen!! Mensen die een mening durven te hebben! <\/p>\n<p>Voldoet u aan dit profiel of wilt u aan dit profiel voldoen, dan zult u op deze dag in de gelegenheid worden gesteld op allerlei manieren uw steun te uiten aan deze onderdrukte en benadeelde bevolking. Tevens zult u kunnen genieten van het optreden van een fantastische zanggroep die speciaal voor deze gelegenheid uit Palestina is overgekomen!<\/p>\n<p> Er zullen vele andere festiviteiten zijn in het verlengde van de Palestijnse zaak. Zo zullen er verschillende voordrachten en presentaties zijn, een benefietdeel waarin u concreet een project in Palestina kunt helpen financieren en u kunt producten kopen die uit Palestina zijn ge\u00efmporteerd. <\/p>\n<p>Vergeet dus vooral niet te pinnen voor uw komst!!<br \/>\nAl met al, een dag om niet te missen.<\/p>\n<p>Datum: 21\/05\/2006<br \/>\nTijd: 12:00 &#8211; 19:00<br \/>\nLocatie: Meervaart<br \/>\n Rode Zaal<br \/>\nMeer en vaart 300, 1068 LE Amsterdam.<br \/>\nVoor meer informatie en reserveringen, zie de bijlage of bel meteen naar;070-4262198 of 06-13644444<\/p>\n","protected":false},"excerpt":{"rendered":"<p>KORT vandaag: Benzakour op 4 mei, Amsterdam Fisk over Palestina, Clingendael IKV over Jeruzalem, Den Haag Demonstratie Stop de Herkeuringen, Den Haag Debat Dijkstal en Scheffer, Amsterdam Plant een olijfboom, actie Palestijns Festival, Amsterdam<\/p>\n","protected":false},"author":2,"featured_media":0,"comment_status":"open","ping_status":"open","sticky":false,"template":"","format":"standard","meta":{"footnotes":"","_jetpack_memberships_contains_paid_content":false},"categories":[1],"tags":[],"jetpack_sharing_enabled":true,"jetpack_featured_media_url":"","_links":{"self":[{"href":"https:\/\/www.anjameulenbelt.nl\/weblog\/wp-json\/wp\/v2\/posts\/1612"}],"collection":[{"href":"https:\/\/www.anjameulenbelt.nl\/weblog\/wp-json\/wp\/v2\/posts"}],"about":[{"href":"https:\/\/www.anjameulenbelt.nl\/weblog\/wp-json\/wp\/v2\/types\/post"}],"author":[{"embeddable":true,"href":"https:\/\/www.anjameulenbelt.nl\/weblog\/wp-json\/wp\/v2\/users\/2"}],"replies":[{"embeddable":true,"href":"https:\/\/www.anjameulenbelt.nl\/weblog\/wp-json\/wp\/v2\/comments?post=1612"}],"version-history":[{"count":0,"href":"https:\/\/www.anjameulenbelt.nl\/weblog\/wp-json\/wp\/v2\/posts\/1612\/revisions"}],"wp:attachment":[{"href":"https:\/\/www.anjameulenbelt.nl\/weblog\/wp-json\/wp\/v2\/media?parent=1612"}],"wp:term":[{"taxonomy":"category","embeddable":true,"href":"https:\/\/www.anjameulenbelt.nl\/weblog\/wp-json\/wp\/v2\/categories?post=1612"},{"taxonomy":"post_tag","embeddable":true,"href":"https:\/\/www.anjameulenbelt.nl\/weblog\/wp-json\/wp\/v2\/tags?post=1612"}],"curies":[{"name":"wp","href":"https:\/\/api.w.org\/{rel}","templated":true}]}}