{"id":16346,"date":"2010-03-20T12:13:46","date_gmt":"2010-03-20T12:13:46","guid":{"rendered":"http:\/\/www.anjameulenbelt.nl\/weblog\/2010\/03\/20\/nijmeegse-moslimstudenten-vierden-jubileum\/"},"modified":"2010-03-21T01:17:01","modified_gmt":"2010-03-21T01:17:01","slug":"nijmeegse-moslimstudenten-vierden-jubileum","status":"publish","type":"post","link":"https:\/\/www.anjameulenbelt.nl\/weblog\/2010\/03\/20\/nijmeegse-moslimstudenten-vierden-jubileum\/","title":{"rendered":"Nijmeegse moslimstudenten vierden jubileum"},"content":{"rendered":"<p><a href='https:\/\/www.anjameulenbelt.nl\/weblog\/wp-content\/uploads\/2010\/03\/msn-1-of-1.jpg' title='msn-1-of-1.jpg'><img src='https:\/\/www.anjameulenbelt.nl\/weblog\/wp-content\/uploads\/2010\/03\/msn-1-of-1.jpg' alt='msn-1-of-1.jpg' \/><\/a><\/p>\n<p>De Nijmeegse moslimstudentenvereniging van de Radboud Universiteit in Nijmegen vierde hun eerste lustrum, en ik was een van de gasten cq sprekers op hun feestelijke dagen. Een eer en een plezier, want tegelijk een manier om contact te maken en ook van hen te horen hoe de zaken er voor staan.<br \/>\n<!--more--><br \/>\nIk was uitgenodigd om over Palestina te spreken, en dat zal ik hier niet herhalen, omdat de lezers van dit weblog ondertussen wel weten wat ik daar over te zeggen heb. Ik liet een powerpoint presentatie zien met foto&#8217;s van Gaza, ik had het niet alleen over de situatie nu, de bezetting, de blokkade, maar ook over de vraag hoe ver je terug moet denken om te zien wat er mis is gegaan. Ver terug, zei ik, want wat er mis ging begon met de zionistische gedachte dat het nodig was voor de joden om een eigen, exclusief joodse staat te hebben, en die te willen stichten op een plek waar al andere mensen woonden: de Palestijnen. <\/p>\n<p><a href='https:\/\/www.anjameulenbelt.nl\/weblog\/wp-content\/uploads\/2010\/03\/msn-5-of-1.jpg' title='msn-5-of-1.jpg'><img src='https:\/\/www.anjameulenbelt.nl\/weblog\/wp-content\/uploads\/2010\/03\/msn-5-of-1.jpg' alt='msn-5-of-1.jpg' \/><\/a><\/p>\n<p>Maar dat betekent dus, zei een radicale jonge man in het publiek, dat Isra\u00ebl geen bestaansrecht heeft. Als je het historisch bekijkt, zei ik, dan is het de vraag of het ontstaan van Isra\u00ebl wel rechtsgeldig was, maar dat neemt niet weg dat Isra\u00ebl nu bestaat, net als vele andere staten die een ontstaansgeschiedenis hebben van onrecht, en die we nu ook niet meer zomaar terug kunnen draaien. Maar wat absoluut wel gevraagd kan worden, is dat Isra\u00ebl ophoudt met het bezet houden van het laatste stuk Palestijns land, en van Isra\u00ebl een normale democratie maakt, met gelijke rechten voor alle burgers. Dat Isra\u00ebl zich houdt aan mensenrechten en internationaal recht is het minimum dat we kunnen vragen, en waar Nederland, vooral de regering, op hoort aan te dringen.<\/p>\n<p>We hadden het ook over de vraag waarom het in Nederland zo moeilijk is om een meerderheid van de bevolking en de politici zover te krijgen dat ze kritischer staan tegenover Isra\u00ebl, want zo radicaal is het tenslotte niet om van een land dat zichzelf graag presenteert als een moderne, op westerse leest geschoeide democratie te verwachten dat ze zich dan ook als zodanig zullen gedragen. Voor moslimstudenten die hun wortels hebben liggen in een ander land is dat soms moeilijk te begrijpen &#8211; die hebben niet het enorme gewicht meegekregen van de gevolgen van onze oorlog, de bezetting, de vreselijke jodenvervolging, die hebben geen last van schuldgevoel dat er te weinig is gedaan om &#8216;onze&#8217; joden te redden. En die zien vaak niet in waarom het onrecht van destijds gevolgd moet worden door nieuw onrecht, maar nu tegen een ander volk dat de historische pech heeft te leven op de plek waar de zionisten hun joodse staat wilden vestigen. <\/p>\n<p>Rondom 1948, in de nadagen van het kolonialisme, was het in Nederland nog normaal om de &#8216;inheemse bevolkingen&#8217; niet erg serieus te nemen en niet te beseffen dat ook zij recht hadden op zelfbeschikking. Maar ook nadat de meeste landen zich van het kolonialisme hadden bevrijd, en wij ons in Nederland toch een beetje meer bewust begonnen te worden van de manier waarop wij met Indonesi\u00eb en Suriname waren omgegaan, kwam het volgende probleem: na 9\/11 en na de moord op Van Gogh werd de latente vrees voor migranten, met name moslim migranten steeds sterker. En daarvan heeft Isra\u00ebl geweldig kunnen profiteren, door elk verzet van Palestijnen, hoe gerechtvaardigd ook, af te doen als islamitische terreur, en de Palestijnen te presenteren als moslims die niets liever wilden dan de joden (niet de Isra\u00ebli&#8217;s) de zee in te drijven. En helaas, in Nederland kun je waarnemen dat de islamofoben over het algemeen ook automatisch pro-Isra\u00ebl zijn (dat wil zeggen: voor de bezettingspolitiek van Isra\u00ebl) en dat de verdedigers van Isra\u00ebl haast automatisch ook behoorlijk islamofobisch zijn. En dat maakt dat de kritische houding tegenover Isra\u00ebl van mensen als de moslimstudenten die in Nijmegen in de zaal zaten haast bij voorbaat met wantrouwen wordt bekeken. Want dat is natuurlijk, denken sommigen aan de rechterkant van het politieke spectrum, omdat moslims nu eenmaal voor moslims opkomen. <\/p>\n<p><a href='https:\/\/www.anjameulenbelt.nl\/weblog\/wp-content\/uploads\/2010\/03\/msn-3-of-1.jpg' title='msn-3-of-1.jpg'><img src='https:\/\/www.anjameulenbelt.nl\/weblog\/wp-content\/uploads\/2010\/03\/msn-3-of-1.jpg' alt='msn-3-of-1.jpg' \/><\/a><br \/>\n(Mansoob Murshed)<\/p>\n<p>Na mij sprak Syed Mansoob Murshed, die uit Engeland was overgekomen, professor in de economie, die ook verbonden is aan het ISS (Institute of Social Studies) in Den Haag. Hij had het vooral over de identiteit van moslims, en de angst voor radicalisering in Europa, over islamofobie en de &#8216;productie&#8217; van haat en angst. En hoe politici die niet alleen aanwakkeren maar ook exploiteren. Ik kom apart nog een keer terug op zijn verhaal, hij heeft mij zijn paper gestuurd, en daar zitten veel interessante aanknopingspunten in. <\/p>\n<p><a href='https:\/\/www.anjameulenbelt.nl\/weblog\/wp-content\/uploads\/2010\/03\/mansour-6-of-1.jpg' title='mansour-6-of-1.jpg'><img src='https:\/\/www.anjameulenbelt.nl\/weblog\/wp-content\/uploads\/2010\/03\/mansour-6-of-1.jpg' alt='mansour-6-of-1.jpg' \/><\/a><br \/>\n(Bledar Drnoglavia, mijn gastheer)<\/p>\n<p><a href='https:\/\/www.anjameulenbelt.nl\/weblog\/wp-content\/uploads\/2010\/03\/nijmegen-7-of-1.jpg' title='nijmegen-7-of-1.jpg'><img src='https:\/\/www.anjameulenbelt.nl\/weblog\/wp-content\/uploads\/2010\/03\/nijmegen-7-of-1.jpg' alt='nijmegen-7-of-1.jpg' \/><\/a><\/p>\n<p><a href='https:\/\/www.anjameulenbelt.nl\/weblog\/wp-content\/uploads\/2010\/03\/msn-4-of-1.jpg' title='msn-4-of-1.jpg'><img src='https:\/\/www.anjameulenbelt.nl\/weblog\/wp-content\/uploads\/2010\/03\/msn-4-of-1.jpg' alt='msn-4-of-1.jpg' \/><\/a><\/p>\n<p><a href='https:\/\/www.anjameulenbelt.nl\/weblog\/wp-content\/uploads\/2010\/03\/msn-2-of-1.jpg' title='msn-2-of-1.jpg'><img src='https:\/\/www.anjameulenbelt.nl\/weblog\/wp-content\/uploads\/2010\/03\/msn-2-of-1.jpg' alt='msn-2-of-1.jpg' \/><\/a><\/p>\n<p>Bij de maaltijd had ik gelukkig nog even de tijd om wat informeler te praten. Het leuke van de MSV is dat die zo &#8216;gemengd&#8217; is. Dat wil zeggen dat de meeste moslim organisaties en initiatieven toch meestal vooral of Turks of Marokkaans zijn. Maar aan een universiteit waar je het je niet kunt veroorloven om ook nog eens in nog kleinere groepjes uiteen te vallen liep het lekker door elkaar, dus maakte ik kennis met Nederlandse moslims met een Turkse, Marokkaanse, Kosovaarse, Palestijnse en wat hadden we nog meer, Pakistaanse? achtergrond, benevens autochtoon bekeerd. <\/p>\n<p>Natuurlijk kwam het gesprek ook op de politiek. Ik hoorde wat ik vaker hoor: dat veel Nederlandse moslims het gevoel hebben dat er geen enkele politieke partij is waar ze echt bij passen. De linkse partijen moeten niet zoveel van religie hebben, en zijn op hun eigen manier ook wel een beetje foob, en bij de christelijke partijen zit je weer met andere opvattingen waar je niet mee uit de voeten kunt. Zo zei iemand het liefst Christen Unie te willen stemmen, die zijn tenminste integer en trouw aan hun uitgangspunten, maar ja, die hebben weer zo&#8217;n volstrekt kritiekloos pro-Isra\u00ebl standpunt, en dat gaat ook niet. <\/p>\n<p>Dan maar een nieuwe partij oprichten, links, progressief en religievriendelijk? <\/p>\n<p>Ik moest weer terug naar de politiek, maar ik kom graag nog eens terug, daar bij de moslimstudenten in Nijmegen. <\/p>\n<p><a href='https:\/\/www.anjameulenbelt.nl\/weblog\/wp-content\/uploads\/2010\/03\/nijmegen-9-of-1.jpg' title='nijmegen-9-of-1.jpg'><img src='https:\/\/www.anjameulenbelt.nl\/weblog\/wp-content\/uploads\/2010\/03\/nijmegen-9-of-1.jpg' alt='nijmegen-9-of-1.jpg' \/><\/a><\/p>\n","protected":false},"excerpt":{"rendered":"<p>De Nijmeegse moslimstudentenvereniging van de Radboud Universiteit in Nijmegen vierde hun eerste lustrum, en ik was een van de gasten cq sprekers op hun feestelijke dagen. Een eer en een plezier, want tegelijk een manier om contact te maken en &hellip; <a href=\"https:\/\/www.anjameulenbelt.nl\/weblog\/2010\/03\/20\/nijmeegse-moslimstudenten-vierden-jubileum\/\">Lees verder <span class=\"meta-nav\">&rarr;<\/span><\/a><\/p>\n","protected":false},"author":2,"featured_media":0,"comment_status":"open","ping_status":"open","sticky":false,"template":"","format":"standard","meta":{"footnotes":"","_jetpack_memberships_contains_paid_content":false},"categories":[1,6,21,2],"tags":[],"jetpack_sharing_enabled":true,"jetpack_featured_media_url":"","_links":{"self":[{"href":"https:\/\/www.anjameulenbelt.nl\/weblog\/wp-json\/wp\/v2\/posts\/16346"}],"collection":[{"href":"https:\/\/www.anjameulenbelt.nl\/weblog\/wp-json\/wp\/v2\/posts"}],"about":[{"href":"https:\/\/www.anjameulenbelt.nl\/weblog\/wp-json\/wp\/v2\/types\/post"}],"author":[{"embeddable":true,"href":"https:\/\/www.anjameulenbelt.nl\/weblog\/wp-json\/wp\/v2\/users\/2"}],"replies":[{"embeddable":true,"href":"https:\/\/www.anjameulenbelt.nl\/weblog\/wp-json\/wp\/v2\/comments?post=16346"}],"version-history":[{"count":0,"href":"https:\/\/www.anjameulenbelt.nl\/weblog\/wp-json\/wp\/v2\/posts\/16346\/revisions"}],"wp:attachment":[{"href":"https:\/\/www.anjameulenbelt.nl\/weblog\/wp-json\/wp\/v2\/media?parent=16346"}],"wp:term":[{"taxonomy":"category","embeddable":true,"href":"https:\/\/www.anjameulenbelt.nl\/weblog\/wp-json\/wp\/v2\/categories?post=16346"},{"taxonomy":"post_tag","embeddable":true,"href":"https:\/\/www.anjameulenbelt.nl\/weblog\/wp-json\/wp\/v2\/tags?post=16346"}],"curies":[{"name":"wp","href":"https:\/\/api.w.org\/{rel}","templated":true}]}}