{"id":1685,"date":"2006-04-11T07:47:22","date_gmt":"2006-04-11T05:47:22","guid":{"rendered":"http:\/\/www.anjameulenbelt.nl\/weblog\/2006\/04\/11\/confrontatie-en-verzoening\/"},"modified":"2006-04-11T07:47:22","modified_gmt":"2006-04-11T05:47:22","slug":"confrontatie-en-verzoening","status":"publish","type":"post","link":"https:\/\/www.anjameulenbelt.nl\/weblog\/2006\/04\/11\/confrontatie-en-verzoening\/","title":{"rendered":"Confrontatie en verzoening"},"content":{"rendered":"<p>Te gast: Esther Langen.<\/p>\n<p>Het artikel \u201cConfrontatie, geen verzoening\u201d van Ayaan Hirsi Ali, dat afgelopen zaterdag in de Volkskrant stond, maakte mij kwaad toen ik het las. In het artikel reageert zij op het manifest \u201cE\u00e9n land, \u00e9\u00e9n bevolking\u201d van Anja Meulenbelt, Mohammed Rabbae e.a.. Dat Hirsi Ali zich verzet tegen de onderdrukking en de bedreiging die uitgaat van de radicale islam, dat is goed. Maar daarbij scheert zij de radicale islam over \u00e9\u00e9n kam met de islam als geheel, en zij past haar visie toe op het Nederlandse integratievraagstuk in het algemeen, en daarmee richt haar gedachtegoed veel schade aan m.b.t. de kansen in Nederland voor de verschillende bevolkingsgroepen om vreedzaam samen te leven.<br \/>\n<!--more--><br \/>\nWoede en angst voor een radicale totalitaire en gewelddadige variant van de Islam maakt soms dat mensen irrationeel gaan denken, dat ze niet meer open en neutraal naar de wereld kijken maar dat zij zich laten verblinden door hun angst en woede. Dat is volgens mij wat er met Ayaan Hirsi Ali gebeurt is en wat duidelijk blijkt uit de manier waarop zij dat artikel heeft geschreven. Woede en angst leidt tot overdrijving, het geweld en totalitaire denken dat alleen onderdeel uitmaakt van de radicale islam, wordt geprojecteerd op de Islam als geheel.<\/p>\n<p>Hirsi Ali schrijft:<br \/>\n\u201cHet grootse verschil van mening tussen de beide denkrichtingen ligt in de opvatting over wat een mensenleven waard is. Westerlingen zien een leven als een heilig doel op zich, een op individuele autonomie gestoelde vrijheid waar je niet mag aankomen.\u201d<\/p>\n<p>Dit is een generalisatie, er kan onmogelijk van alle westerlingen gezegd worden dat zij een mensenleven als een heilig doel op zich zien, anders zou er geen doodstraf zijn in de VS en zouden er niet zoveel moorden worden gepleegd.<\/p>\n<p>\u201cBinnen  de islam is alleen de gelovige, de moslim, een mens en zelfs diens leven is alleen heilig als de persoon in kwestie zich aan alle regels heeft gehouden. Het leven van afvalligen is wel heel onheilig, zij mogen, nee moeten zelfs worden gedood.\u201d<\/p>\n<p>Ook dit is een generalisatie \/ overdrijving. Moslims die vinden dat afvalligen gedood mogen \/ moeten worden, zijn een kleine minderheid in de wereld. Hier heeft Hirsi Ali het niet over de radicale islam maar over de islam in het algemeen. <\/p>\n<p>\u201cHet westen wordt bedreigd door een zeer gevaarlijke, internationale ideologie die zijn wortels heeft in de radicale islam.\u201d<\/p>\n<p>Uit deze zin blijkt duidelijk een angst voor de radicale islam. En die angst leidt tot overdrijving, het leidt ertoe dat de feiten uit het oog verloren worden en problemen worden opgeblazen tot ongekende grootte. De kern van het probleem is dat Ayaan Hirsi Ali geen onderscheid maakt tussen verschillende kanten van de islam, tussen enerzijds de radicale islam en anderzijds de oorspronkelijke leer van de islam zoals die in de koran is verwoord, en de manier waarop moslims geloven overal over de wereld, waar nogal grote verschillen tussen bestaan. <\/p>\n<p>\u201cIntussen worden overal waar moslims hun geloof serieus nemen de westerse vrijheden bedreigd.\u201d <\/p>\n<p>Wat een grote overdrijving! Op wat voor manier worden westerse vrijheden altijd en overal bedreigd waar mensen hun geloof serieus nemen? Wanneer mensen vijf keer per dag bidden is dat een teken dat zij hun geloof serieus nemen. Op wat voor manier wordt het westen daardoor bedreigd?<\/p>\n<p>\u201cDe totalitaire islam bereidt zijn volgelingen voor op een jihad, een heilige oorlog. Demografisch gezien is het nog maar een kwestie van tijd tot de volgelingen van het enige ware geloof ook hier de overhand krijgen.\u201d<\/p>\n<p>Eerst gaat het over de \u201ctotalitaire islam\u201d, dan gaat het over \u201cde volgelingen van de islam\u201d, dus in het algemeen, dus ze haalt die twee weer door elkaar. <\/p>\n<p>\u201cHet aantal moslims ligt volgens sussende offici\u00eble schattingen op 15 miljoen, maar dat aantal wordt allang betwist door critici van wie sommigen zeggen dat het inmiddels om 40 miljoen gaat.\u201d<\/p>\n<p>Waarom heeft Hirsi Ali het over \u201csussende schattingen\u201d? Waarom zou het een geruststellende gedachte zijn dat er weinig moslims zijn in Europa? Het gaat hier om alle moslims, niet om alleen extremisten, de meerderheid die gematigd is en gewone burgers in Europa zijn die een geloof aanhangen, daarvan is het toch helemaal niet erg als er meer van zijn dan 15 miljoen?<br \/>\nEn hoeveel is dat nu eigenlijk, 15 miljoen of 40 miljoen, in verhouding tot de totale Europese bevolking? De totale bevolking is ruim 700 miljoen, 40 miljoen is daarvan een percentage van 5,7 procent (en dat is dan dus de \u201cniet-sussende\u201d en misschien ook niet kloppende schatting). En dat zijn alle moslims, waarvan de extremistische \/ totalitaire slechts een heel klein percentage vormen (ongeveer 150 echt gevaarlijke extremisten in Nederland, misschien is hun aantal inmiddels iets toegenomen, maar het blijft een hele kleine minderheid).<br \/>\nDemografisch is het volgens Hirsi Ali een kwestie van tijd tot de totalitaire moslims in Europa de overhand hebben gekregen. Dat kan best slechts een kwestie van tijd zijn, maar dan wel van een ongelooflijk lange tijd, ze moet heel wat eeuwen geduld hebben voordat radicale moslims in Europa de meerderheid van de bevolking zullen vormen. Toch voorziet zij deze situatie zelf al in 2030. <\/p>\n<p>\u201cAls dit scenario tot uitvoering komt, heeft dat grote gevolgen voor joden, homo\u2019s, vrouwen, afvalligen en athe\u00efsten. Christenen zullen dan moeten leven als dhimmi\u2019s, een stille minderheid die extra belasting betaalt en uitgesloten is van bepaalde beroepen.\u201d<\/p>\n<p>Hirsi Ali ziet het al helemaal voor zich. Dit is een vorm van doemdenken die heel ver gaat. Haar denken gaat uit van een groot aantal aannames die niet kloppen. Ten eerste dus dat het moslim aandeel van de Europese bevolking zo snel zal groeien, ten tweede dat de meerderheid van gematigde moslims zich direct zal aansluiten bij de minderheid van extremisten, ten derde dat de huidige Europese machthebbers zich direct massaal gewonnen zullen geven onder het mom van democratie en ten vierde dat als Europa Islamitisch zou worden het meteen de allerergste variant zou worden die op dit moment in de wereld te vinden is. <\/p>\n<p>\u201cIn de reactie op de radicale islam tekenen zich in de politiek, maar ook onder journalisten, publicisten, wetenschappers en burgers twee benaderingen af: de verzoeningsgerichte (zie bijvoorbeeld het pamflet van Mohammed Rabbae en anderen op Forum, 4 april) en de confrontatiezoekende.\u201d<\/p>\n<p>Wacht even, wat zegt Hirsi Ali hier? Ze zegt dat de verzoenende benadering een reactie is op de opkomst van de radicale islam. Dus dat radicale moslims dreigen met geweld en dat de verzoeners zeggen: laten we vrede met jullie sluiten (Hirsi Ali spreekt letterlijk van een duivels verbond tussen de verzoeners en de radicale islam). Maar is dat wel de bedoeling van de verzoeners, om vrede te sluiten met gewelddadige extremisten? Nee, de schrijvers van het pamflet hebben het over een heel ander onderwerp, zij hebben het over groeiende tegenstellingen in de Nederlandse samenleving tussen autochtonen en allochtonen. Dat is iets anders dan tussen enkele islamitische extremisten en de rest van Nederland. Vervolgens maakt Hirsi Ali een fijne vergelijking tussen de \u201cverzoeners\u201d en de overlopers naar de nazi\u2019s in de tweede wereldoorlog (beschouwt zij deze politici werkelijk als overlopers naar een fascistische ideologie?). Over de meelopers in de tweede wereldoorlog zegt Hirsi Ali: \u201cdoor steeds meer toe te geven dachten zij Hitler en Mussolini tevreden te stellen\u201d. Wat een walgelijke vergelijking, alsof Anja Meulenbelt en Mohammed Rabbae willen toegeven aan Mohammed B om hem tevreden te stellen. De vergelijking loopt op alle fronten spaak, de situatie is totaal niet vergelijkbaar. Een belangrijk verschil tussen de islam en nazisme is dat nazisme als geheel een verdorven ideologie is die van het begin af aan gericht was op onmenselijke racistische uitroeiing. De Islam is een wereldreligie, net als christendom en jodendom, die gericht is op het uitdragen van een geloof. Normaal gesproken, in het overgrote deel van de wereld, gebeurt er niets anders dan dat moslims gewoon hun persoonlijke geloof belijden. Daar is niets mis mee. De islam is een appel die een rotte plek heeft: de radicale islam. Nazisme is een appel die in zijn geheel verrot is. Wat doe je met een rotte plek in een appel? Die probeer je eruit te snijden, zodat de rest van de appel weer goed is. Verzoenen doe je met de rest van de appel, niet met de rotte plek. Als de hele appel rot is dan moet je daar in zijn geheel van af zien te komen. Met de islam is dat niet het geval. En de verzoeners hebben het dus niet speciaal over de islam, zij hebben het net zo goed over niet-moslims. De tegenstellingen worden groter in Nederland, de angst en haat neemt toe. Dat is slecht voor ons land, op die manier kunnen we niet constructief met elkaar samenleven. Hirsi Ali pleit voor confrontatie, geen verzoening. Confrontatie met de radicale islam is prima, laten we er alles aan doen om extremisme en terrorisme tegen te gaan. Maar met de niet-radicale moslims en de allochtonen die geen moslim zijn, daarmee is verzoening heel hard nodig. Hirsi Ali\u2019s simplistische haatzaaierij richt veel te veel schade aan. <\/p>\n<p>En aan het einde maakt ze ook nog even een onsmakelijke grap: \u201cChurchill noemde verzoeners \u2018schapen in schaapskleren\u2019 en iedereen weet wat islamieten met schapen doen.\u201d Hier blijkt de haat uit, als ze zich niet had laten verblinden door haar gefrustreerde emoties dan had ze een neutrale feitelijke tekst geschreven met respect voor normale islamieten, dan zou ze dit soort gore grappen niet maken.  <\/p>\n","protected":false},"excerpt":{"rendered":"<p>Te gast: Esther Langen. Het artikel \u201cConfrontatie, geen verzoening\u201d van Ayaan Hirsi Ali, dat afgelopen zaterdag in de Volkskrant stond, maakte mij kwaad toen ik het las. In het artikel reageert zij op het manifest \u201cE\u00e9n land, \u00e9\u00e9n bevolking\u201d van &hellip; <a href=\"https:\/\/www.anjameulenbelt.nl\/weblog\/2006\/04\/11\/confrontatie-en-verzoening\/\">Lees verder <span class=\"meta-nav\">&rarr;<\/span><\/a><\/p>\n","protected":false},"author":2,"featured_media":0,"comment_status":"open","ping_status":"open","sticky":false,"template":"","format":"standard","meta":{"footnotes":"","_jetpack_memberships_contains_paid_content":false},"categories":[1,6],"tags":[],"jetpack_sharing_enabled":true,"jetpack_featured_media_url":"","_links":{"self":[{"href":"https:\/\/www.anjameulenbelt.nl\/weblog\/wp-json\/wp\/v2\/posts\/1685"}],"collection":[{"href":"https:\/\/www.anjameulenbelt.nl\/weblog\/wp-json\/wp\/v2\/posts"}],"about":[{"href":"https:\/\/www.anjameulenbelt.nl\/weblog\/wp-json\/wp\/v2\/types\/post"}],"author":[{"embeddable":true,"href":"https:\/\/www.anjameulenbelt.nl\/weblog\/wp-json\/wp\/v2\/users\/2"}],"replies":[{"embeddable":true,"href":"https:\/\/www.anjameulenbelt.nl\/weblog\/wp-json\/wp\/v2\/comments?post=1685"}],"version-history":[{"count":0,"href":"https:\/\/www.anjameulenbelt.nl\/weblog\/wp-json\/wp\/v2\/posts\/1685\/revisions"}],"wp:attachment":[{"href":"https:\/\/www.anjameulenbelt.nl\/weblog\/wp-json\/wp\/v2\/media?parent=1685"}],"wp:term":[{"taxonomy":"category","embeddable":true,"href":"https:\/\/www.anjameulenbelt.nl\/weblog\/wp-json\/wp\/v2\/categories?post=1685"},{"taxonomy":"post_tag","embeddable":true,"href":"https:\/\/www.anjameulenbelt.nl\/weblog\/wp-json\/wp\/v2\/tags?post=1685"}],"curies":[{"name":"wp","href":"https:\/\/api.w.org\/{rel}","templated":true}]}}