{"id":1690,"date":"2006-04-20T07:14:09","date_gmt":"2006-04-20T05:14:09","guid":{"rendered":"http:\/\/www.anjameulenbelt.nl\/weblog\/2006\/04\/12\/kort\/"},"modified":"2006-04-20T07:19:52","modified_gmt":"2006-04-20T05:19:52","slug":"kort-35","status":"publish","type":"post","link":"https:\/\/www.anjameulenbelt.nl\/weblog\/2006\/04\/20\/kort-35\/","title":{"rendered":"KORT"},"content":{"rendered":"<p>KORT vandaag:<br \/>\nLezingen over de profeet Mohammed, Den Haag<br \/>\nDe Bazaar, Amsterdam<br \/>\nNederlands Sociaal Forum, Nijmegen<br \/>\nFilm The Iron Wall, Amsterdam<br \/>\nArabisch-Islamitisch Cultureel Centrum, Amsterdam<br \/>\nVrouwen eetcaf\u00e9, vrouwen met en zonder papieren, Amsterdam<br \/>\nNCDO congres Eerlijk Delen, Den Haag<br \/>\n<!--more--><br \/>\nKORT is een rubriek voor korte berichten, bijeenkomsten, verwijzingen, aanbevelingen. Het is bedoeld als service, niet als discussiebijdrage. Commentaren worden alleen bij uitzondering geplaatst.<\/p>\n<p>%%%%%%%%%%%%%%%%%%%%%%%%%<\/p>\n<p>MashriQ Milaad Lectures 2006<br \/>\nWoensdag 26 april, 17.30 \u2013 20.00<br \/>\nMoskee al Aqsa, Wagenstraat 103, Den Haag (centrum)<\/p>\n<p><strong>Wij willen op deze dag de Profeet (vzmh) presenteren zoals hij werkelijk was met drie omstreden punten door drie ervaren sprekers.<\/strong><\/p>\n<p>Dhr. Abdulwahid van Bommel: Mohammad, de politicus<br \/>\nAbdulwahid van Bommel was van oorsprong jazzmusicus, maar volgde een imamopleiding in Turkije. Terug in Nederland werd hij imam in een moskee in Den Haag en was hij directeur van de Nederlandse Moslim Omroep.<\/p>\n<p>Ook zijn er al meerdere boeken van zijn hand verschenen. De laaste \u2018Islam, liefde,<\/p>\n<p>Seksualiteit\u2019, gaat over de open moderne visie die de islam volgens hem biedt op het gebied van liefde en seksualiteit. Imam van Bommel&#8217;s werk staat vooral in het teken van jongeren, door wie hij als een autoriteit gezien wordt. Hij functioneert vaak als bemiddelaar tussen moslims en niet-moslims.<\/p>\n<p>Mevr. Ceylan Pektas-Weber: Mohammad, de feminist<br \/>\nCeylan Pektas-Weber is voorzitter van Al-Nisa, Stichting Nederlandse moslimvrouwen en is verder actief bij tal van maatschappelijke organisaties. Ze schreef onlangs het boek \u2018Moslima\u2019s, Emancipatie achter de dijken\u2019. In dit boek beschrijft Ceylan Pektas-Weber de emancipatie van moslima\u2019s in Nederland en de manier waarop zij omgaan met de Islam.<\/p>\n<p>Dhr. Abdullah Haselhoef: Mohammad, de sociale hervormer<br \/>\nAbdullah Haselhoef is werkzaam geweest als eerste islamitische geestelijke verzorger in een ziekenhuis in Den Haag. Hij kreeg landelijke bekendheid na zijn toespraak tijdens een herdenkingsdienst naar aanleiding van de terreuraanslagen in de VS. De media en de aanwezigen, waaronder voormalig premier Wim Kok, waren zeer te spreken over zijn bijdrage. Daarna was Haselhoef regelmatig op de Nederlandse televisie te zien als officieuze woordvoerder van de moslims in Nederland.<\/p>\n<p>Op 10 mei 2006 zal de eerste editie van de \u201cMulticulturele Carri\u00e8redag\u201d plaatsvinden op de Erasmus Universiteit in Rotterdam. Deze dag zal in het teken staan van de hogeropgeleide multiculturele student. Hoe liggen de kansen op de arbeidsmarkt voor deze groep studenten, maar vooral ook: hoe kunnen zij zich optimaal voorbereiden op een geweldige carri\u00e8re? <\/p>\n<p>MashriQ SV stimuleert het debat omtrent deze onderwerpen en wil door middel van deze dag een positief signaal uitzenden naar het bedrijfsleven, de overheid, en de maatschappij als geheel. Wij zijn ervan overtuigd dat wij, als veelzijdige multiculturele studentenvereniging, op deze manier kunnen bijdragen aan de verbetering van de positie van allochtonen op de arbeidsmarkt. <\/p>\n<p>%%%%%%%%%%%%%%%%%%%%%%%<\/p>\n<p>Zondag 14 Mei gaat voor de tweede maal <strong>de Bazaar <\/strong>plaatsvinden in de Melkweg.<br \/>\nOver leven na de cartoonrellen, over satelietmedia en sociale verandering, over politieke Islam en hoe wij daar mee om gaan, over mensenrechten in Iran, over geweld in Irak en Syri\u00eb,  over leiderschapscultus, angst en vrijheid, over vrouwen en democratisering en over het belang van jeugdcultuur voor verandering en vrijheid in de regio. Primeur in Nederland:<br \/>\nDa Arab Mc&#8217;s, snoeigoede Hip Hop uit Palestina. Komt dat zien, check de site en verspreid het nieuws www.democratiseringinhetmiddenoosten.nl<\/p>\n<p>%%%%%%%%%%%%%%%%%%%%%%%%%%%<\/p>\n<p>NEDERLANDS SOCIAAL FORUM: FESTIVAL VAN IDEALEN.<\/p>\n<p>In het weekend van 19 tot 21 mei 2006 staat Nijmegen in het teken van<br \/>\nhet tweede Nederlands Sociaal Forum. Onder het motto &#8216;een andere wereld is mogelijk&#8217; zullen duizenden bezoekers deelnemen aan meer dan 150 workshops, een filmfestival en debatten. Tijdens het weekend wordt een speciale camping ingericht voor de deelnemers. Verder is er een<br \/>\ncultureel programma met ondermeer een optreden van de populaire<br \/>\nlive-band Zuco 103. <\/p>\n<p>Tijdens het Nederlands Sociaal Forum zijn er in 35 zalen op het universiteitsterrein in Nijmegen bijeenkomsten met meer dan  driehonderd sprekers uit binnen- en buitenland. Ondermeer de onafhankelijke presidentskandidaat Mustafa Barghouti uit Palestina, de bekende milieuactiviste Vandana Shiva uit India, middenoosten-correspondent Robert Fisk van The Independent en Walden Bello, bekend schrijver en criticus van de neo-liberale globalisering uit de Filippijnen komen naar Nijmegen. Deelnemers uit Nederland zijn ondermeer Harry van Bommel (SP), Sylvia Borren (Novib), Agnes Jongerius (FNV), Frank Kohler (Milieudefensie), Mohammed Rabbae (Genoeg is Genoeg) en Diederik Samsom (PvdA).<\/p>\n<p>Het Nederlands Sociaal Forum is een festival van idealen waar je kunt<br \/>\nwerken aan een andere globalisering waarbij mens en milieu boven winst<br \/>\ngaan. Een broedplaats van actie voor solidariteit, gelijke rechten,<br \/>\nduurzaamheid en voor werkelijke democratisering. Het Nederlands Sociaal Forum wil een open ontmoetingsplaats zijn voor iedereen die wil opkomen voor een andere wereld zonder neoliberale globalisering, oorlog en uitsluiting.<\/p>\n<p>Het Nederlands Sociaal Forum is onderdeel van de wereldwijde<br \/>\nandersglobaliseringsbeweging. Het Nederlands Sociaal Forum is slechts<br \/>\neen van de vele sociale fora die er in de wereld gehouden worden. Het<br \/>\nWereld Sociaal Forum dat in 2001 voor het eerst in Brazilie gehouden<br \/>\nwerd is uitgegroeid tot een mondiale bijeenkomst met meer dan<br \/>\nhonderdduizend deelnemers. Het is de tweede keer dan er in Nederland<br \/>\nzo&#8217;n Sociaal Forum georganiseerd wordt. De eerste vond plaats in 2004 in Amsterdam en trok ruim vierduizend mensen.<\/p>\n<p>Kaarten voor het Nederlands Sociaal Forum kosten 5 euro per dag of 10<br \/>\neuro voor het hele weekend. Vanaf station Nijmegen rijden op zaterdag 20 mei, de drukste dag van het forum, gratis pendelbussen naar het<br \/>\nErasmusplein op de campus. Wil je het hele weekend komen? Dan kun je al op vrijdag 19 mei met bussen uit tien grote plaatsen in het land<br \/>\nrechtstreeks naar Nijmegen reizen voor slechts 10 euro retour.<br \/>\nReserveren en meer informatie via: www.sociaalforum.nl<\/p>\n<p>%%%%%%%%%%%%%%%%%%%%%%%<\/p>\n<p>Uitnodiging Premi\u00e8re<br \/>\n<strong>Documentaire The Iron Wall <\/strong>&#8211; 21 mei 14.00 uur<\/p>\n<p>Toegang: gratis<br \/>\nGraag vooraf aanmelden via: ucp@icco.nl<br \/>\nLocatie: Desmet Studio\u2019s Amsterdam,<br \/>\nPlantage Middenlaan 4a, 020-5217100<\/p>\n<p>Georganiseerd door:<br \/>\nStichting Een Ander Joods Geluid (EAJG), Pax Christi en United Civilians for Peace (UCP)         <\/p>\n<p>V\u00f3\u00f3r Isra\u00ebl en Palestina, tegen bezetting en geweld<br \/>\nProgramma:<\/p>\n<p>14.00   Zaal open<br \/>\n14.15   Introductie documentaire door Mohammed Alatar<br \/>\n(co\u00f6rdinator van de productie van de film)<br \/>\n14.45   Documentaire The Iron Wall<br \/>\n15.45   Inleiding discussie door Akiva Eldar<br \/>\n(journalist van de bekende Isra\u00eblische krant Ha\u2019aretz)<br \/>\n16.00   Algemene discussie met Mohammed Alatar en Akiva Eldar over documentaire<\/p>\n<p>Synopsis documentaire:<br \/>\nIn 1923 schreef Vladimir Jabotinsky, intellectueel leider van de zionistische beweging en vader van de rechtervleugel van deze beweging \u2026<\/p>\n<p>\u201cZionistische kolonisering moet \u00f3f stoppen, \u00f3f anders doorgang vinden zonder rekening te houden met de oorspronkelijke bevolking. Wat betekent, dat dit slechts doorgang kan vinden en zich kan ontwikkelen onder de bescherming van een macht die onafhankelijk is van de oorspronkelijke bevolking \u2013 achter een IJZEREN MUUR (IRON WALL), die de oorspronkelijke bevolking niet kan breken.\u201d<\/p>\n<p>Vanaf die dag vormden deze woorden het offici\u00eble en ongesproken beleid van de zionistische beweging en later de staat Isra\u00ebl. Sinds het begin werden nederzettingen opgezet om een voet aan de grond te krijgen in Palestina.<\/p>\n<p>Na 1967 en de bezetting van de Westoever en Gaza, werd het doel van de nederzettingenbeweging duidelijk \u2013 feiten op de grond cre\u00ebren en maak het stichten van een Palestijnse staat onmogelijk. Negenendertig jaren van bezetting en het beleid heeft resultaat opgeleverd. Nu zijn er meer dan 200 nederzettingen en buitenposten verspreid over de Westoever die de geografische mogelijkheid voor een aaneensluitend Palestijns gebied blokkeert. <\/p>\n<p>The Iron Wall documentaire brengt dit verschijnsel aan het licht en volgt de tijdslijn, omvang, de bevolking van de nederzettingen en de inwerking daarvan op het vredesproces. Deze film behandelt ook het nieuwste project waarbij de nederzettingen tot een vaststaand feit op de grond worden gemaakt\u2013 de muur die Isra\u00ebl bouwt op de Westoever en de impact daarvan op de Palestijnen.<br \/>\nNederzettingen en de daaraan gerelateerde infrastructuur hebben hun weerslag op elk aspect van het leven van alle Palestijnen, beginnend bij de inbeslagneming van land, de diefstal van natuurlijke bronnen, het afpakken van de basale mensenrechten, het in het leven roepen van een soort apartheidssysteem, tot aan de verwoestende invloed met betrekking tot de toekomst van de regio en de vooruitzichten van het vredesproces. <\/p>\n<p>Palestijnen en Isra\u00ebli\u2019s begonnen het vredesproces met als basis een heel simpel principe, land voor vrede. Nederzettingen vernietigen dat principe en brengen een land voort zonder vrede.<\/p>\n<p>Stichting Een Ander Joods Geluid<br \/>\nPostbus 59506<br \/>\n1040 LA Amsterdam<br \/>\ntel: 020 6795850<br \/>\nfax: 020 6758925<br \/>\nwww.eajg.nl<\/p>\n<p>%%%%%%%%%%%%%%%%%%%%%%<\/p>\n<p>De nederlands arabische kring \u2013 afdeling amsterdam<br \/>\npresenteert:<\/p>\n<p>VERSCHILLENDE INITIATIEVEN VOOR EEN ARABISCH \u2013 ISLAMITISCH CULTUREEL CENTRUM<\/p>\n<p>vrijdag 21 april 2006<br \/>\n20.00 \u2013 22.00 uur<br \/>\nHTIB, 1e Weteringsplantsoen 2c, 1017 SJ  Amsterdam<br \/>\nBereikbaar met tramlijnen 6, 7, 10, 24 en 25, halte Weteringcircuit<\/p>\n<p>\u201cDe rijkdom van andere culturen is vlak om de hoek te vinden. Maar ze blijft vaak verscholen of wordt over het hoofd gezien\u2026 Wellicht \u2013 ik doe maar een suggestie \u2013 zou ook een nieuw instituut dat de rijkdom van de Arabische culturen en tradities in Nederland over het voetlicht brengt en meehelpt aan kennisverspreiding en \u2013 uitwisseling.\u201d<\/p>\n<p>Dit zei premier Balkenende bij de presentatie van de resultaten van de Commissie PaVEM begin juni vorig jaar. Inmiddels schieten de initiatieven voor dergelijke instituten als paddestoelen uit de grond. Om wat voor plannen gaat het precies? Hoe ver zijn ze gevorderd? En waarin verschillen ze van elkaar? Voor deze avond zijn verschillende vertegenwoordigers uitgenodigd om zich aan u voor te stellen. <\/p>\n<p>Huis voor de Culturele Dialoog<br \/>\nMarhaba<br \/>\nDe Mediterraan Ori\u00ebntaalse Alliantie<br \/>\nOok el Hizjra en Podium Mozaiek zijn uitgenodigd hun visie te geven op deze nieuwe ontwikkelingen.<br \/>\nDe avond wordt voorgezeten door Hans Luiten, fractievoorzitter voor de PvdA in Zaanstad. Columnist is Rachid Aoulad Abdellah. <\/p>\n<p>Entree         : EURH 2.50<br \/>\nNAK-leden   : gratis<br \/>\nMeer info     : anita resink                     : 020 \u2013 66 43 500<br \/>\nsharida mohamedjoesoef : 06\u201348184 228<br \/>\n nak.amsterdam@gmail.com of http:\/\/on.to\/nakamsterdam<\/p>\n<p>De Nederlands-Arabische Kring (NAK) is een landelijke organisatie opgericht in 1955 met als doel de culturele en wetenschappelijke betrekkingen tussen Nederland en de Arabische wereld te bevorderen. Zij doet dat onder meer door het organiseren van culturele manifestaties, de uitgave van een eigen blad, lezingen en debatten die een breed scala van onderwerpen beslaan.  De NAK heeft vier regionale afdelingen in Amsterdam, Den Haag, Niijmegen en Utrecht. De vereniging is gevestigd in Den Haag. Voor meer informatie over het NAK-lidmaatschap, kunt u zich wenden tot het Landelijk NAK-secretariaat, Lobelialaan 36, 2555 PH  Den Haag of nak.amsterdam@gmail.com<\/p>\n<p>%%%%%%%%%%%%%%%%%%%%%%%%%<\/p>\n<p><strong>*Vrouwen eetcafe *<br \/>\nvoor vrouwen zonder en met verblijfsvergunning<\/strong><\/p>\n<p>Zaterdag 22 april is het volgende vrouwen-eten. Deze keer is het thema<br \/>\nkoninginnedag: hoe kun je dan aan goedkope spullen komen, of wat<br \/>\nverdienen? Het vrouwen eetcafe is voor vrouwen die zelf &#8220;illegaal&#8221; zijn,<br \/>\nof ge\u00efnteresseerd zijn de situatie van vrouwen zonder verblijfsvergunning.<\/p>\n<p>Over de avonden<br \/>\nElke bijeenkomst kookt een andere groep vrouwen. De ene keer wordt<br \/>\nbijvoorbeeld Perzisch gekookt, de andere keer misschien Ethiopisch.<br \/>\nIedereen die wil koken, kan zich hiervoor bij ons opgeven. Aan vrouwen<br \/>\ndie over een bron van inkomsten beschikken wordt voor de maaltijd een<br \/>\nbijdrage van 5 euro gevraagd. Vrouwen zonder een verblijfsvergunning of inkomen betalen niets.<\/p>\n<p>Na het eten wordt aandacht besteed aan onderwerpen die relevant zijn<br \/>\nvoor vrouwen zonder papieren. Behalve praktische informatie kunnen ook maatschappelijke of politieke kwesties, zoals het vreemdelingenbeleid, onderwerp van discussie zijn. Ook voor kinderen zal er iets te doen zijn, zodat ook zij zich niet hoeven te vervelen.<\/p>\n<p>Wanneer en waar?<br \/>\nElke laatste zaterdag van de maand ben je welkom in \u2018de Peper\u2019, het<br \/>\nrestaurant van de oude filmacademie, Overtoom 301, in Amsterdam (tram 1 en 6, halte J. P. Heijestraat). 22 april is de volgende keer!<br \/>\nVanaf 17.30 uur is iedereen welkom. Rond 19.00 uur is er (vegetarisch)<br \/>\neten en vanaf 20.00 uur volgt het informatieve deel van de avond met een gastspreekster, film of discussie \u2013 afhankelijk van de wensen en<br \/>\nbehoeftes van de vrouwen die komen.<\/p>\n<p>Kom ook en neem je vriendinnen en kinderen mee!<br \/>\nTot dan,<br \/>\nPetra Schultz<br \/>\nASKV en SVZV<\/p>\n<p>%%%%%%%%%%%%%%%%%%%%%%%%<\/p>\n<p>VOORAANKONDIGING<br \/>\n<strong>\u201c Eerlijk delen = eerlijk meten\u201d<\/strong><br \/>\nCongres over het meten van echte welvaart, met het oog op een duurzame ontwikkeling, zowel hier als in ontwikkelingslanden.<\/p>\n<p>Hierbij wil ik u namens de NCDO en De Derde Kamer werkgroep \u2018Eerlijk delen = eerlijk meten\u2019 uitnodigen voor een congres op 22  mei te Den Haag over hoe we echte welvaart kunnen meten, met het oog op een duurzame ontwikkeling, zowel hier als in ontwikkelingslanden.<\/p>\n<p>Economische groei van landen wordt door economen gemeten d.m.v. het BNP (Bruto Nationaal Product). Deze maatstaf is verouderd en gaat gepaard met ernstige tekortkomingen, omdat bepaalde sociale en milieu aspecten niet worden meegerekend. Hierdoor ontstaat een vertekend beeld van de werkelijke economische vooruitgang (of achteruitgang) van een land.  <\/p>\n<p>Sinds de jaren 60 zijn er alternatieve indicatoren ontwikkeld om de economische groei en vitaliteit van een land te meten. E\u00e9n van de bekendste is de ISEW, de \u2018index for sustainable economic welfare\u2019 ontwikkeld door Herman Daly. Het is een brede indicator, die ook milieu &#8211; aantasting, welzijnsaspecten en verdelingsaspecten van macht en rijkdom meet.<\/p>\n<p>Als leden van De Derde Kamer willen wij dit onderwerp opnieuw op de politieke agenda zetten, omdat wij van mening zijn dat de manier waarop gemeten wordt juist ook voor ontwikkelingslanden van groot belang is. Internationale  organisaties en nationale regeringen stimuleren ontwikkelingslanden vaak tot eenzijdige verhoging van hun BNP. Hierdoor belemmeren ze, zowel nationaal als mondiaal, een duurzame ontwikkeling. Toekomstig kapitaal wordt vernietigd door uitputting van natuurlijke hulpbronnen. En steeds vaker worden milieubelastende economische activiteiten verschoven naar ontwikkelingslanden, als nieuwe \u2018vervuilingparadijzen\u2019.<\/p>\n<p>Door anders te meten kunnen we de verhoudingen tussen landen en werelddelen op een eerlijkere wijze inzichtelijk maken, en duurzame ontwikkeling stimuleren, hier en in ontwikkelingslanden. <\/p>\n<p>De studiemiddag wordt ingeleid door Derde Kamerlid en initiatiefnemer Rob Gort. De dagvoorzitter is Bob Goudzwaard, tevens Derde Kamerlid. Als hoofdspreker treedt Wouter van Dieren op, directeur van IMSA en lid van de Club van Rome. Na de pauze nodigen wij alle deelnemers, waaronder Tweede Kamerleden, uit om deel te nemen aan de plenaire discussie, o.l.v. Kees Waagmeester.<\/p>\n<p>Hieronder bevindt zich het volledige programma. En in de bijlagen vindt u meer achtergrondinformatie over het onderwerp en de voorgenomen studiemiddag.<\/p>\n<p>U kunt zich aanmelden per e-mail: Esther.somers@dederdekamer.org<br \/>\nMocht u nog vragen hebben, dan kunt u mij uiteraard e-mailen.<br \/>\nMet vriendelijke groet,<br \/>\nEsther Somers<br \/>\nDerde Kamerlid<\/p>\n","protected":false},"excerpt":{"rendered":"<p>KORT vandaag: Lezingen over de profeet Mohammed, Den Haag De Bazaar, Amsterdam Nederlands Sociaal Forum, Nijmegen Film The Iron Wall, Amsterdam Arabisch-Islamitisch Cultureel Centrum, Amsterdam Vrouwen eetcaf\u00e9, vrouwen met en zonder papieren, Amsterdam NCDO congres Eerlijk Delen, Den Haag<\/p>\n","protected":false},"author":2,"featured_media":0,"comment_status":"open","ping_status":"open","sticky":false,"template":"","format":"standard","meta":{"footnotes":"","_jetpack_memberships_contains_paid_content":false},"categories":[1],"tags":[],"jetpack_sharing_enabled":true,"jetpack_featured_media_url":"","_links":{"self":[{"href":"https:\/\/www.anjameulenbelt.nl\/weblog\/wp-json\/wp\/v2\/posts\/1690"}],"collection":[{"href":"https:\/\/www.anjameulenbelt.nl\/weblog\/wp-json\/wp\/v2\/posts"}],"about":[{"href":"https:\/\/www.anjameulenbelt.nl\/weblog\/wp-json\/wp\/v2\/types\/post"}],"author":[{"embeddable":true,"href":"https:\/\/www.anjameulenbelt.nl\/weblog\/wp-json\/wp\/v2\/users\/2"}],"replies":[{"embeddable":true,"href":"https:\/\/www.anjameulenbelt.nl\/weblog\/wp-json\/wp\/v2\/comments?post=1690"}],"version-history":[{"count":0,"href":"https:\/\/www.anjameulenbelt.nl\/weblog\/wp-json\/wp\/v2\/posts\/1690\/revisions"}],"wp:attachment":[{"href":"https:\/\/www.anjameulenbelt.nl\/weblog\/wp-json\/wp\/v2\/media?parent=1690"}],"wp:term":[{"taxonomy":"category","embeddable":true,"href":"https:\/\/www.anjameulenbelt.nl\/weblog\/wp-json\/wp\/v2\/categories?post=1690"},{"taxonomy":"post_tag","embeddable":true,"href":"https:\/\/www.anjameulenbelt.nl\/weblog\/wp-json\/wp\/v2\/tags?post=1690"}],"curies":[{"name":"wp","href":"https:\/\/api.w.org\/{rel}","templated":true}]}}