{"id":1696,"date":"2006-04-20T07:20:18","date_gmt":"2006-04-20T05:20:18","guid":{"rendered":"http:\/\/www.anjameulenbelt.nl\/weblog\/2006\/04\/15\/1696\/"},"modified":"2006-04-20T07:21:46","modified_gmt":"2006-04-20T05:21:46","slug":"1696","status":"publish","type":"post","link":"https:\/\/www.anjameulenbelt.nl\/weblog\/2006\/04\/20\/1696\/","title":{"rendered":"E\u00e9n land, \u00e9\u00e9n samenleving"},"content":{"rendered":"<p>Wie het manifest E\u00e9n land, \u00e9\u00e9n samenleving wil ondertekenen kan naar de <a href=\"http:\/\/www.eenlandeensamenleving.nl\/\">website<\/a>.<br \/>\n<!--more--><br \/>\nCollege onderschrijft Manifest beweging \u2018E\u00e9n land, \u00e9\u00e9n samenleving\u2019<\/p>\n<p>Op initiatief van de burgemeester Ernst Bakker heeft het nieuwe college van burgemeester en wethouders van Hilversum in zijn eerste vergadering besloten om van harte in te stemmen met de tekst van het manifest van de beweging \u2018E\u00e9n land, \u00e9\u00e9n samenleving\u2019 van een aantal kopstukken uit de landelijke politiek.<br \/>\nIn het manifest toont de beweging zich bezorgd over de ontwikkeling van Nederland. De initiatiefnemers van de beweging pleiten ervoor uit te gaan van de \u201ceenheid van het land\u201d. \u201cVooral lagere overheden hebben in de regel frequente contacten met burgers en zijn derhalve onmisbaar voor het bestuurlijke draagvlak van deze missie.\u201d<br \/>\nOok het college van b en w van Hilversum, gevormd door PvdA, CDA, SP en D66, geeft invulling aan deze verantwoordelijkheid, getuige het collegeprogramma 2006-2010 &#8220;Een ander spoor&#8221;. Ze kiest daarin voor een sociaal en solidair Hilversum en wil in overleg met betrokkenen en de raad tot een goed lokaal integratiebeleid komen.<br \/>\n De leden van het college hebben hun adhesie betuigd met het manifest van de beweging \u2018E\u00e9n land, \u00e9\u00e9n samenleving\u2019 door dit te ondertekenen op de website www.eenlandeensamenleving.nl.. <\/p>\n","protected":false},"excerpt":{"rendered":"<p>Wie het manifest E\u00e9n land, \u00e9\u00e9n samenleving wil ondertekenen kan naar de website.<\/p>\n","protected":false},"author":2,"featured_media":0,"comment_status":"open","ping_status":"open","sticky":false,"template":"","format":"standard","meta":{"footnotes":"","_jetpack_memberships_contains_paid_content":false},"categories":[1,6],"tags":[],"jetpack_sharing_enabled":true,"jetpack_featured_media_url":"","_links":{"self":[{"href":"https:\/\/www.anjameulenbelt.nl\/weblog\/wp-json\/wp\/v2\/posts\/1696"}],"collection":[{"href":"https:\/\/www.anjameulenbelt.nl\/weblog\/wp-json\/wp\/v2\/posts"}],"about":[{"href":"https:\/\/www.anjameulenbelt.nl\/weblog\/wp-json\/wp\/v2\/types\/post"}],"author":[{"embeddable":true,"href":"https:\/\/www.anjameulenbelt.nl\/weblog\/wp-json\/wp\/v2\/users\/2"}],"replies":[{"embeddable":true,"href":"https:\/\/www.anjameulenbelt.nl\/weblog\/wp-json\/wp\/v2\/comments?post=1696"}],"version-history":[{"count":0,"href":"https:\/\/www.anjameulenbelt.nl\/weblog\/wp-json\/wp\/v2\/posts\/1696\/revisions"}],"wp:attachment":[{"href":"https:\/\/www.anjameulenbelt.nl\/weblog\/wp-json\/wp\/v2\/media?parent=1696"}],"wp:term":[{"taxonomy":"category","embeddable":true,"href":"https:\/\/www.anjameulenbelt.nl\/weblog\/wp-json\/wp\/v2\/categories?post=1696"},{"taxonomy":"post_tag","embeddable":true,"href":"https:\/\/www.anjameulenbelt.nl\/weblog\/wp-json\/wp\/v2\/tags?post=1696"}],"curies":[{"name":"wp","href":"https:\/\/api.w.org\/{rel}","templated":true}]}}