{"id":1742,"date":"2006-05-12T08:24:31","date_gmt":"2006-05-12T06:24:31","guid":{"rendered":"http:\/\/www.anjameulenbelt.nl\/weblog\/2006\/05\/12\/dagboek-12-mei-2006\/"},"modified":"2006-05-12T08:29:50","modified_gmt":"2006-05-12T06:29:50","slug":"dagboek-12-mei-2006","status":"publish","type":"post","link":"https:\/\/www.anjameulenbelt.nl\/weblog\/2006\/05\/12\/dagboek-12-mei-2006\/","title":{"rendered":"Dagboek 12 mei 2006"},"content":{"rendered":"<p>Bij vrienden gegeten, zaten zo te praten dat we vergaten even Hirsi Ali te kijken. Thuis ingehaald. Tja, nog meer gejokt dat we al wisten dat ze gejokt had, dat dramatische verhaal over wel vijf burgeroorlogen meegemaakt (Smit-Kroes) dus zwaar overdreven, benevens de vlucht uit Somali\u00eb vanwege een gedwongen huwelijk. Vanochtend in de kranten was het g\u00e9\u00e9n voorpaginanieuws. Ik kan me vergissen, maar ik geloof dat we Hirsi Ali in Nederland een beetje uit hebben. De fanclub zal nog wel een tijdje in haar blijven geloven, want zo snel heb je geen andere held(in) en zij is, of was daar erg geschikt voor. Ze mag wel opschieten met Submission II want die is nu al zo doodgekletst dat die weinig indruk meer kan maken. En dat boek dat er zou komen, waarmee de achterlijke, pardon, achterlopende moslims met \u00e9\u00e9n klap van hun geloof bevrijd zouden worden en de verlichting ingeslingerd, daar horen we niets meer over.<br \/>\n<!--more--><br \/>\nOndertussen werkt Hirsi Ali aan haar internationale carriere. Dat doet ze zo te zien slim. Zo presenteert ze zich in het buitenland niet als een atheist die moslims van hun geloof af wil helpen, maar als een gematigde moslim die andere gematigde moslims oproept. (Interview in Noorwegen) Tja, als je al gewend bent een beetje te draaien, en weet dat het werkt &#8211; de VVD waarvan Verdonk nu andere vluchtelingen om soortgelijke opgedramatiseerde vluchtverhalen het land uit zet vond haar jokkentjes in ieder geval geen belemmering om haar als kamerlid binnen te halen &#8211; waarom dan niet een beetje fantasie bij de nieuwe presentatie? Wat zal het ze in het buitenland kunnen schelen dat het grootste resultaat van haar politieke carriere in Nederland een boel deining en publiciteit was en ze verder heel erg weinig bereikt heeft, politiek gezien? <\/p>\n<p>In de Volkskrant vanochtend een stuk van Hajo Meijer, bestuurslid van Een Ander Joods Geluid, met bijna letterlijk de mening die ik hier ook omschreef: VS en Isra\u00ebl radicaliseren Palestijnen. <\/p>\n<blockquote><p>Ik ben geneigd, even cynisch op te merken: er is geen betere antireclame voor de westerse democratie dan eerst te eisen dat de verliezingen gecontroleerd democratisch verlopen, om daarna te zeggen: &#8216;het resultaat bevalt ons niet en we zullen de zo tot stand gekomen regering saboteren&#8217;.<br \/>\nOp deze wijze kan de Arabische wereldbepaald geen goede indruk krijgen van wat democratie betekent. Nog erger is dat de Isra\u00eblische politiek medeverantwoordelijk is voor de radicalisering in de Palestijnse gebieden. Zij heeft aan de meegaande president Abbas geen enkele concessie gedaan.<br \/>\nZo werd voorkomen dat de bevolking kan zien dat meegaandheid ook voordelen &#8211; verbetering van hun levensomstandigheden &#8211; zou brengen. Maar al hebben de Isra\u00eblische politici dat het niet belonen van meegaandheid en repressie slechts tot radicalisering leidt, toch gaan ze door met deze politiek die averechts werkt. <\/p><\/blockquote>\n<p>Of misschien is juist dat de bedoeling, om te kunnen rechtvaardigen dat Israel doorgaat met annexaties, invasies, artilleriebeschietingen, liquidaties, oppakken en opsluiten van mensen zonder proces. Een ander punt waarin Meijer en ik van mening verschillen, is dat hij vindt dat Hamas vertegenwoordigers Isra\u00ebl  &#8211; zelfs binnen de grenzen van voor 1967 &#8211; horen te erkennen, omdat zij het voor Europa moeilijk maken om sterker sturend in te grijpen. Dat is de vraag. Ik vind de tegenvraag van de Palestijnse regering, wanneer worden onze rechten op een staat erkend, geheel legitiem, en duidelijk is voor de Palestijnen dat de erkenning van de staat Israel door de PLO en door Arafat helemaal niets heeft opgeleverd, en de annexaties voor geen centimeter tegen hebben kunnen houden. En dat kan Europa ook weten. Die, daar ben ik het weer eens met Hajo, &#8216;weigeren om de humanitaire clausules in het associatieverdrag met Israel toe te passen: &#8216;om in het gesprek te blijven&#8217;. Anderzijds wordt verzuimd met de gematigde figuren van Hamas in gesprek te blijven. Opvallend is de gespleten tong van Europa.&#8217; <\/p>\n<p>In de gevangenis hebben Hamas en Fatah een eerste overeenkomst gesloten om de onderlinge strijd te staken. Niet toevallig dat het daar gebeurt. De gevangenis verbroedert, weet ik van vrienden. Oude verschillen kunnen daar in rust worden uitgepraat. Gevangenisvrienden, zo&#8217;n veertig procent van de mannelijke bevolking heeft in de Isra\u00eblische  gevangenis gezeten, en vaak voor vele jaren, die hou je voor het leven. Vaak zie ik mannen elkaar omarmen. Dit is mijn broeder uit de gevangenis, hoor ik dan zeggen. Er wordt in de gevangenissen veel samen gestudeerd, Engels en Ivriet geleerd, gelezen, gediscussieerd. Dr. Haider Abdel Shaffi zei tegen me: de gevangenis is onze universiteit. Ik zei: zal ik de Nederlandse regering dan maar vragen de Isra\u00eblische gevangenissen te subsidieren? Vond hij wel een goede grap. <\/p>\n<p>Isra\u00ebl gaat een deel van het belastingeld, geld dat dus in principe al van de Palestijnen is, vrijgeven, maar onder voorwaarden dat het aan humanitaire doelen word gegeven en niet aan salarissen. Kijk: zo gaat dat. Het is hun geld niet. Ze gaan daar helemaal niet over. Toch voorwaarden stellen. Ik neem aan dat het stoicijns in ontvangst genomen zal worden. De Palestijnen moeten overleven. Isra\u00ebl zal het wel weer presenteren als een humanitaire daad. <\/p>\n<p>Zijn er dan toch grenzen aan de vrijheid van meningsuiting? Kennelijk wel. Verdonk deed aangifte van bedreiging op het internet &#8211; de Officier van Justitie eist 90 uur taakstraf tegen Ertan K., een Turkse Nederlander, wegens het beledigen van politici en homo&#8217;s, nadat er 76 klachten binnen waren gekomen bij het Meldpunt Discriminatie Internet (MDI). Gaan de aanhangers van de absolute vrijheid van meningsuiting nu demonstreren? Of doen ze dat niet voor een Turk?<\/p>\n","protected":false},"excerpt":{"rendered":"<p>Bij vrienden gegeten, zaten zo te praten dat we vergaten even Hirsi Ali te kijken. Thuis ingehaald. Tja, nog meer gejokt dat we al wisten dat ze gejokt had, dat dramatische verhaal over wel vijf burgeroorlogen meegemaakt (Smit-Kroes) dus zwaar &hellip; <a href=\"https:\/\/www.anjameulenbelt.nl\/weblog\/2006\/05\/12\/dagboek-12-mei-2006\/\">Lees verder <span class=\"meta-nav\">&rarr;<\/span><\/a><\/p>\n","protected":false},"author":2,"featured_media":0,"comment_status":"open","ping_status":"open","sticky":false,"template":"","format":"standard","meta":{"footnotes":"","_jetpack_memberships_contains_paid_content":false},"categories":[1],"tags":[],"jetpack_sharing_enabled":true,"jetpack_featured_media_url":"","_links":{"self":[{"href":"https:\/\/www.anjameulenbelt.nl\/weblog\/wp-json\/wp\/v2\/posts\/1742"}],"collection":[{"href":"https:\/\/www.anjameulenbelt.nl\/weblog\/wp-json\/wp\/v2\/posts"}],"about":[{"href":"https:\/\/www.anjameulenbelt.nl\/weblog\/wp-json\/wp\/v2\/types\/post"}],"author":[{"embeddable":true,"href":"https:\/\/www.anjameulenbelt.nl\/weblog\/wp-json\/wp\/v2\/users\/2"}],"replies":[{"embeddable":true,"href":"https:\/\/www.anjameulenbelt.nl\/weblog\/wp-json\/wp\/v2\/comments?post=1742"}],"version-history":[{"count":0,"href":"https:\/\/www.anjameulenbelt.nl\/weblog\/wp-json\/wp\/v2\/posts\/1742\/revisions"}],"wp:attachment":[{"href":"https:\/\/www.anjameulenbelt.nl\/weblog\/wp-json\/wp\/v2\/media?parent=1742"}],"wp:term":[{"taxonomy":"category","embeddable":true,"href":"https:\/\/www.anjameulenbelt.nl\/weblog\/wp-json\/wp\/v2\/categories?post=1742"},{"taxonomy":"post_tag","embeddable":true,"href":"https:\/\/www.anjameulenbelt.nl\/weblog\/wp-json\/wp\/v2\/tags?post=1742"}],"curies":[{"name":"wp","href":"https:\/\/api.w.org\/{rel}","templated":true}]}}