{"id":2013,"date":"2006-06-30T14:06:40","date_gmt":"2006-06-30T12:06:40","guid":{"rendered":"http:\/\/www.anjameulenbelt.nl\/weblog\/2006\/06\/30\/stop-de-israelische-invasie-in-palestina\/"},"modified":"2006-06-30T14:06:40","modified_gmt":"2006-06-30T12:06:40","slug":"stop-de-israelische-invasie-in-palestina","status":"publish","type":"post","link":"https:\/\/www.anjameulenbelt.nl\/weblog\/2006\/06\/30\/stop-de-israelische-invasie-in-palestina\/","title":{"rendered":"Stop de Isra\u00eblische invasie in Palestina"},"content":{"rendered":"<p>Stop de Isra\u00eblische invasie in Palestina <\/p>\n<p>Als reactie op de Palestijnse arrestatie van een Isra\u00eblische soldaat, heeft het Isra\u00eblische leger de afgelopen dagen op een afschuwelijke manier huisgehouden in de Gazastrook en &#8211; zei het minder massaal &#8211; op de bezette Westelijke Jordaanoever.<br \/>\n<!--more--><\/p>\n<p>Onder het motto \u2018 gelimiteerde operatie\u2019 wordt daarbij in de praktijk geen enkel middel geschuwd. De voortdurende bombardementen en de inzet van gevechtshelikopters, bulldozers en tanks zorgen voor de vernietiging van een groot deel van de Palestijnse infrastructuur. Doelwitten waren onder meer de elektriciteitcentrale, de universiteit en het wegennet. Er vallen aan Palestijnse kant dagelijks doden en gewonden, onder wie kinderen en vrouwen. Bovendien zijn een groot aantal democratisch gekozen parlementari\u00ebrs en ministers gearresteerd. <\/p>\n<p>Deze collectieve strafmaatregelen zijn volledig in strijd met talloze conventies en internationale verdragen waar Isra\u00ebl als bezettingsmacht aan is gebonden. De internationale gemeenschap wacht zoals gebruikelijk in stilte af en blijkt opnieuw niet van zins Isra\u00ebl tot de orde te roepen door gebruik te maken van de aanwezige effectieve politieke en economische drukmiddelen. Deze stilte moet worden doorbroken:<\/p>\n<p>Wij eisen effectieve politieke en economische druk van de internationale gemeenschap op Isra\u00ebl, die moet leiden tot:<\/p>\n<p>&#8211;        onmiddellijke be\u00ebindiging van de invasie in de Gazastrook en de Westelijke Jordaanoever;<br \/>\n&#8211;        stopzetting van de vernietiging van de Palestijnse infrastructuur;<br \/>\n&#8211;        be\u00ebindiging van alle andere collectieve strafmaatregelen;<br \/>\n&#8211;        vrijlating van democratisch gekozen parlementari\u00ebrs en ministers;<br \/>\n&#8211;                  terugtrekking van het Isra\u00eblische bezettingsleger uit de Gazastrook en de Westelijke Jordaanover;<br \/>\n&#8211;                  hervatting van onderhandelingen met als inzet de implementatie van alle relevante internationale resoluties die betrekking hebben op het Palestijns-Isra\u00eblisch conflict.<br \/>\n&#8211;        ontruiming van alle illegale nederzettingen in bezet gebied;<br \/>\n&#8211;        een onafhankelijke en economisch levensvatbare Palestijnse staat, met Oost-Jeruzalem als hoofdstad.  <\/p>\n<p>Euro-mediterraan Centum Migratie &#038; Ontwikkeling (EMCEMO)<\/p>\n<p>Postbus 59676. 1040 LD Amsterdam Tel : 00 31(0) 20 42 888 25 \u2013 Fax 00 31 (0) 20 46 362 22<\/p>\n<p>GSM : 00 31 655 818 828  E-mail :info@emcemo.nl<\/p>\n","protected":false},"excerpt":{"rendered":"<p>Stop de Isra\u00eblische invasie in Palestina Als reactie op de Palestijnse arrestatie van een Isra\u00eblische soldaat, heeft het Isra\u00eblische leger de afgelopen dagen op een afschuwelijke manier huisgehouden in de Gazastrook en &#8211; zei het minder massaal &#8211; op de &hellip; <a href=\"https:\/\/www.anjameulenbelt.nl\/weblog\/2006\/06\/30\/stop-de-israelische-invasie-in-palestina\/\">Lees verder <span class=\"meta-nav\">&rarr;<\/span><\/a><\/p>\n","protected":false},"author":2,"featured_media":0,"comment_status":"open","ping_status":"open","sticky":false,"template":"","format":"standard","meta":{"footnotes":"","_jetpack_memberships_contains_paid_content":false},"categories":[1,2],"tags":[],"jetpack_sharing_enabled":true,"jetpack_featured_media_url":"","_links":{"self":[{"href":"https:\/\/www.anjameulenbelt.nl\/weblog\/wp-json\/wp\/v2\/posts\/2013"}],"collection":[{"href":"https:\/\/www.anjameulenbelt.nl\/weblog\/wp-json\/wp\/v2\/posts"}],"about":[{"href":"https:\/\/www.anjameulenbelt.nl\/weblog\/wp-json\/wp\/v2\/types\/post"}],"author":[{"embeddable":true,"href":"https:\/\/www.anjameulenbelt.nl\/weblog\/wp-json\/wp\/v2\/users\/2"}],"replies":[{"embeddable":true,"href":"https:\/\/www.anjameulenbelt.nl\/weblog\/wp-json\/wp\/v2\/comments?post=2013"}],"version-history":[{"count":0,"href":"https:\/\/www.anjameulenbelt.nl\/weblog\/wp-json\/wp\/v2\/posts\/2013\/revisions"}],"wp:attachment":[{"href":"https:\/\/www.anjameulenbelt.nl\/weblog\/wp-json\/wp\/v2\/media?parent=2013"}],"wp:term":[{"taxonomy":"category","embeddable":true,"href":"https:\/\/www.anjameulenbelt.nl\/weblog\/wp-json\/wp\/v2\/categories?post=2013"},{"taxonomy":"post_tag","embeddable":true,"href":"https:\/\/www.anjameulenbelt.nl\/weblog\/wp-json\/wp\/v2\/tags?post=2013"}],"curies":[{"name":"wp","href":"https:\/\/api.w.org\/{rel}","templated":true}]}}