{"id":2095,"date":"2006-07-07T10:41:40","date_gmt":"2006-07-07T08:41:40","guid":{"rendered":"http:\/\/www.anjameulenbelt.nl\/weblog\/2006\/07\/07\/protest-icco-en-eajg\/"},"modified":"2006-07-07T10:41:40","modified_gmt":"2006-07-07T08:41:40","slug":"protest-icco-en-eajg","status":"publish","type":"post","link":"https:\/\/www.anjameulenbelt.nl\/weblog\/2006\/07\/07\/protest-icco-en-eajg\/","title":{"rendered":"Protest ICCO en EAJG"},"content":{"rendered":"<p>\u00b4Nederlandse overheid moet zich keren tegen Isra\u00eblische inval in Gaza\u00b4<br \/>\n06 juli 2006<\/p>\n<p>De Nederlandse regering moet stelling nemen tegen de inval van Isra\u00ebl in Gaza en de Isra\u00eblische regering oproepen aan de onderhandelingstafel te gaan met de democratisch gekozen Palestijnse regering. Het is de taak van de internationale gemeenschap om over te gaan tot interventie. Dat zeggen Een Ander Joods Geluid en ICCO  in een gezamenlijke verklaring.<br \/>\n<!--more--><br \/>\n Volgens de organisaties zijn de gewelddadige acties van Isra\u00ebl buiten alle proporties. Isra\u00ebl heeft de ontvoering van een Isra\u00eblische soldaat door Palestijnse strijders aangegrepen als excuus om de Gazastrook opnieuw binnen te vallen. Het Isra\u00eblisch geweld richt zich tegen de Palestijnse bevolking, in strijd met de internationale afspraken over de bescherming van de burgerbevolking in oorlogsituaties. De Nederlandse regering heeft de plicht aan te dringen op toepassing van internationale rechtsregels door alle betrokken partijen. <\/p>\n<p>Bij de inval zijn leden van de Palestijnse regering en het parlement zonder aanleiding door de Isra\u00ebli&#8217;s gearresteerd. De Isra\u00ebli\u00ebrs hebben bruggen, waterleidingen, een energiecentrale en openbare gebouwen vernield. Hierdoor dreigt de humanitaire situatie ernstig te verslechteren. Honderdduizenden Palestijnen zijn verstoken van drinkwater en elektriciteit en ziekenhuispersoneel kan geen couveuses en nierdialyseapparaten meer gebruiken. <\/p>\n<p>Het gaat Isra\u00ebl nu om het vrij krijgen van \u00e9\u00e9n gevangen genomen soldaat. Isra\u00ebl houdt al jaren 9.800 Palestijnen vast, waaronder 126 vrouwen en 450 minderjarigen, vaak zonder duidelijke aanklacht of proces. <\/p>\n<p>\u00b4Isra\u00ebl kiest voor escalatie\u00b4<\/p>\n<p>Isra\u00ebl heeft in de afgelopen maanden een harde boycot ingezet tegen de Palestijnse Autoriteit en met grote regelmaat de Gazastrook aangevallen. In de afgelopen vier weken alleen al zijn daarbij meer dan dertig Palestijnen omgekomen, onder wie zeven kinderen. Na het bombardement door Isra\u00ebl op het strand van Gaza op 9 juni &#8211; waarbij zeven familieleden om het leven kwamen &#8211; heeft Hamas de wapenstilstand opgezegd, die zij al meer dan een jaar in stand hield. In hun verklaring benadrukken de Nederlandse organisaties dat Isra\u00ebl met de inval in Gaza opnieuw heeft gekozen voor escalatie. <\/p>\n<p>Hamas is gekozen via democratische verkiezingen. Deze verkiezingen zijn door het Kwartet (Verenigde Naties, USA, Rusland, Europese Unie) aan de Palestijnen opgelegd als voorwaarde voor de voortgang van het vredesproces. Hamas heeft het afgelopen jaar afgezien van geweld tegen Isra\u00ebl en verklaard te willen onderhandelen. Nog deze week hebben Hamas en Fatah, op initiatief van hun door Isra\u00ebl gevangen gehouden leiders, een akkoord gesloten dat een opening biedt voor onderhandelingen en voor een erkenning van Isra\u00ebl. <\/p>\n<p>In hun verklaring roepen de Nederlandse organisaties op tot interventie van de internationale gemeenschap om een einde te maken aan de militaire bezetting, de boycot en de apartheid, waarin Palestijnen al decennia leven. Eerste stappen daarin zijn: <\/p>\n<p>Vrijlating van alle politieke gevangen door zowel Isra\u00ebl als Palestina.<\/p>\n<p>Vrijgave door Isra\u00ebl van de douaneopbrengsten, die aan de Palestijnen toebehoren.<\/p>\n<p>Acceptatie door Isra\u00ebl van de handreiking van de huidige Palestijnse regering om weer aan de onderhandelingstafel plaats te nemen.<\/p>\n<p>Alleen echte onderhandelingen tussen de Palestijnen en Isra\u00ebli&#8217;s kunnen bijdragen aan een duurzame vrede en veiligheid voor beide volken. De be\u00ebindiging van de bezetting van Palestina, de terugtrekking van Isra\u00ebl achter de grenzen van 1967, de erkenning van Isra\u00ebl en een regeling voor de Palestijnse vluchtelingen zijn daarin kernelementen. <\/p>\n","protected":false},"excerpt":{"rendered":"<p>\u00b4Nederlandse overheid moet zich keren tegen Isra\u00eblische inval in Gaza\u00b4 06 juli 2006 De Nederlandse regering moet stelling nemen tegen de inval van Isra\u00ebl in Gaza en de Isra\u00eblische regering oproepen aan de onderhandelingstafel te gaan met de democratisch gekozen &hellip; <a href=\"https:\/\/www.anjameulenbelt.nl\/weblog\/2006\/07\/07\/protest-icco-en-eajg\/\">Lees verder <span class=\"meta-nav\">&rarr;<\/span><\/a><\/p>\n","protected":false},"author":2,"featured_media":0,"comment_status":"open","ping_status":"open","sticky":false,"template":"","format":"standard","meta":{"footnotes":"","_jetpack_memberships_contains_paid_content":false},"categories":[1,2],"tags":[],"jetpack_sharing_enabled":true,"jetpack_featured_media_url":"","_links":{"self":[{"href":"https:\/\/www.anjameulenbelt.nl\/weblog\/wp-json\/wp\/v2\/posts\/2095"}],"collection":[{"href":"https:\/\/www.anjameulenbelt.nl\/weblog\/wp-json\/wp\/v2\/posts"}],"about":[{"href":"https:\/\/www.anjameulenbelt.nl\/weblog\/wp-json\/wp\/v2\/types\/post"}],"author":[{"embeddable":true,"href":"https:\/\/www.anjameulenbelt.nl\/weblog\/wp-json\/wp\/v2\/users\/2"}],"replies":[{"embeddable":true,"href":"https:\/\/www.anjameulenbelt.nl\/weblog\/wp-json\/wp\/v2\/comments?post=2095"}],"version-history":[{"count":0,"href":"https:\/\/www.anjameulenbelt.nl\/weblog\/wp-json\/wp\/v2\/posts\/2095\/revisions"}],"wp:attachment":[{"href":"https:\/\/www.anjameulenbelt.nl\/weblog\/wp-json\/wp\/v2\/media?parent=2095"}],"wp:term":[{"taxonomy":"category","embeddable":true,"href":"https:\/\/www.anjameulenbelt.nl\/weblog\/wp-json\/wp\/v2\/categories?post=2095"},{"taxonomy":"post_tag","embeddable":true,"href":"https:\/\/www.anjameulenbelt.nl\/weblog\/wp-json\/wp\/v2\/tags?post=2095"}],"curies":[{"name":"wp","href":"https:\/\/api.w.org\/{rel}","templated":true}]}}