{"id":21245,"date":"2010-08-14T10:48:25","date_gmt":"2010-08-14T08:48:25","guid":{"rendered":"http:\/\/www.anjameulenbelt.nl\/weblog\/2010\/08\/12\/"},"modified":"2011-08-06T22:27:48","modified_gmt":"2011-08-06T20:27:48","slug":"we-zien-het-bos-niet-door-gideon-levy","status":"publish","type":"post","link":"https:\/\/www.anjameulenbelt.nl\/weblog\/2010\/08\/14\/we-zien-het-bos-niet-door-gideon-levy\/","title":{"rendered":"We zien het bos niet, door Gideon Levy"},"content":{"rendered":"<p><img decoding=\"async\" id=\"image2500\" alt=Levy1.jpg src=\"https:\/\/www.anjameulenbelt.nl\/weblog\/wp-content\/uploads\/2006\/07\/Levy1.jpg\" \/><\/p>\n<p>Ik ben een groot fan van journalist Gideon Levy, die als Isra\u00ebli de moed heeft om elke keer opnieuw de vinger op de zere plekken van zijn eigen land te leggen. Nu ook weer zijn laatste stuk, over de vraag, onder andere, waarom Isra\u00ebl zo vast zou houden aan het concept van de &#8216;joodse staat&#8217;, begrijpen mensen wel wat dat werkelijk inhoudt? Waarom niet gewoon een rechtvaardige democratie &#8211; die dus ook te allen tijde open zou staan voor joden, mocht er ooit weer een reden zijn om te vluchten?<br \/>\n<!--more--><br \/>\nAls toelichting: Isra\u00ebl is op dit moment bezig om vierhonderd in Isra\u00ebl geboren kinderen van gastarbeiders het land uit te zetten. <\/p>\n<p><img loading=\"lazy\" decoding=\"async\" src=\"https:\/\/www.anjameulenbelt.nl\/weblog\/wp-content\/uploads\/2010\/08\/Kinderen-migranten.jpg\" alt=\"\" title=\"Kinderen migranten\" width=\"295\" height=\"171\" class=\"alignnone size-full wp-image-21491\" \/><\/p>\n<p>Ook dat heeft te maken met die &#8216;joodse staat&#8217;, en dat is de permanente angst dat er over enige tijd geen joodse meerderheid meer is, en Isra\u00ebl moet kiezen: of ophouden te doen alsof het land een democratie is, en dan openlijk een apartheidssysteem vestigen, of een normale democratie worden met gelijke rechten voor alle staatsburgers, dus ook voor niet-joden. (Waarover meer in mijn boek <em>Oorlog als er vrede dreigt<\/em>). Zolang dat niet gebeurt staan &#8216;zionistische waarden&#8217; tegenover &#8216;democratische waarden&#8217;, en het is duidelijk waar de huidige regering voor kiest. Niet voor de democratie. <\/p>\n<p>Dat is wat Gideon Levy voorstaat, een democratische staat, en in zijn ogen zou dat de redding zijn van Isra\u00ebl. Ook Avraham Burg, die hij aan het eind van het stuk noemt, schrijver en eens voorzitter van de Knesset, vindt dat het tijd wordt voor een normale democratie en overweegt om een nieuwe partij op te richten. <\/p>\n<p>Levy&#8217;s stuk, <em>Missing the forest<\/em>, <a href=\"http:\/\/www.haaretz.com\/print-edition\/opinion\/missing-the-forest-1.306647\">hier<\/a> het origineel, werd vertaald door Roeline Knottnerus, waarvoor erg veel dank. <\/p>\n<p><strong>We zien het bos niet<\/strong><br \/>\nDoor Gideon Levy<\/p>\n<p>Soms kun je echt door de bomen het bos niet meer zien. Het bos van politiek, publiek en institutioneel racisme in Isra\u00ebl is donker en diep. E\u00e9n boom in dat bos in het bijzonder heeft nu toevallig de verontwaardiging van de Isra\u00ebli\u2019s gewekt en dat is de manier waarop de staat omgaat met de kinderen van gastarbeiders. In de schaduw van een boom daarnaast bevindt zich de manier waarop de staat de ouders van die kinderen bejegent, maar daar lijken de Isra\u00ebli\u2019s zich een stuk minder over op te winden. En er staan nog veel meer giftige bomen in dat bos: de wetten inzake burgerschap en loyaliteit aan de staat, de wetten op bekering, het met de grond gelijk maken van de dorpen van de bedoe\u00efenen in de Negev en ook het verhaal van de Arabische bezorger die veroordeeld werd wegens verkrachting omdat hij voorwendde een Jood te zijn. Stuk voor stuk bewogen ze delen van de samenleving tot actie, en dat is natuurlijk allemaal prima, maar bijna niemand heeft oog voor het grotere geheel. En dat grotere geheel is vele malen erger dan de som van zijn delen.<\/p>\n<p>Helderheid werd geschapen vanuit onverwachte hoek: het was premier Benjamin Netanyahu die het probleem klip en klaar benoemde. Bij het nemen van een beslissing over de toekomst van deze kinderen, zei hij, is het kabinet verdeeld tussen humanitaire overwegingen enerzijds en Zionistische afwegingen anderzijds. Het is notabene de minister-president van Isra\u00ebl zelf die deze twee zaken neerzet als met elkaar in tegenspraak en dat is het hele verhaal in een notendop.<br \/>\nNatuurlijk moet elke afzonderlijke misstand bestreden worden, maar we moeten niet uit het oog verliezen dat alles uiteindelijk is terug te voeren op \u00e9\u00e9n fundamentele waarheid: dat we door Isra\u00ebl te defini\u00ebren als een Joodse staat onszelf ertoe veroordelen dat we moeten leven in een racistische staat. Dat is de nieuwe definite van het Zionisme die we hebben omarmd, tenminste tot het besef doordringt dat we nooit in staat zullen zijn om al het onkruid te kunnen verwijderen dat hier de laatste tijd wortel heeft geschoten*. Als we de kinderen van migranten niet zouden uitwijzen, maar wel zouden doorgaan met het met de grond gelijkmaken van bedoe\u00efnendorpen, dan zouden we daarmee niets oplossen.<\/p>\n<p>Isra\u00ebl is niet de enige plek waar racisme in opkomst is. Europa en de Verenigde Staten worden overspoeld door een golf van vreemdelingenhaat; maar in Isra\u00ebl is dit racisme nauw verweven met de grondbeginselen van de staat**. Er is geen andere staat waar de immigratiewetgeving zo openlijk en uitgesproken is gebaseerd op de bloedlijn van de kandidaten.  Joods bloed, hoe echt of twijfelachtig ook, is koosjer. Vreemd bloed, van mensen met een ander geloof of nationaliteit, wordt niet geaccepteerd. Nu zet geen enkel land zijn deuren wijd open voor iedereen, maar waar andere landen zich baseren op sociale, economische en culturele criteria, is in Isra\u00ebl de bloedlijn het enige wat telt. Hoe valt anders te verklaren dat iemand die hier is geboren, de taal spreekt, de heersende waarden onderschrijft en zelfs dient in het leger, zonder pardon kan worden uitgewezen, terwijl een lid van de Bnei Menashe-gemeenschap in India of de kleinzoon van een half-Jood uit Kazachstan met open armen wordt ontvangen?<\/p>\n<p>In tegenstelling tot wat ons wordt verteld, wordt het recht van de Joden op een eigen staat nergens in de wereld, en zeker niet in Isra\u00ebl, serieus betwist. Wat wel ter discussie staat, is het karakter van die staat. Ook de rechtmatigheid van de wet op terugkeer wordt niet in twijfel getrokken: Isra\u00ebl is de plek voor Joden die er willen wonen. De discussie gaat over het exclusieve karakter van de wet, over het feit dat hij alleen geldt voor Joden. Dat is waar het allemaal mee begint. De behoefte daaraan was begrijpelijk na de Holocaust en de noodzaak ertoe in de eerste jaren na de oprichting van de staat Isra\u00ebl eveneens, maar 62 jaar na dato is het hoog tijd om deze al lang verjaarde concepten te herzien.<\/p>\n<p>Heeft iemand eigenlijk enig idee wat het concept van een \u2018Joodse staat\u2019, waar we voortdurend mee worden doodgegooid, eigenlijk inhoudt? Betekent het een staat alleen voor Joden? Is dat dan geen \u2018raszuiverheid\u2019 in een nieuw jasje? Is de \u2018demografische dreiging\u2019 groter dan het gevaar dat de staat verandert in een religieuze etnocratie of een apartheidsstaat? Zou het niet verre te prefereren zijn om in een rechtvaardige democratie te leven? En hoe kun je zelfs ook maar in \u00e9\u00e9n adem spreken van een staat die tegelijkertijd Joods en democratisch is? Maar iedereen die zich in dit verhitte debat poogt te mengen, die buiten de gebaande paden van platgetreden clich\u00e9s probeert te denken, wordt ogenblikkelijk buiten de orde geplaatst en verdacht gemaakt. Vraag maar aan Avraham Burg, die vorige week zijn plannen bekendmaakte om een politieke partij op te richten die nu juist op die grondslagen is gebaseerd.<\/p>\n<p>*Ik neem aan dat Levy hier het racistische onkruid bedoelt van kolonisten en extremistische rabbijnen die vinden dat niet-joden gedood mogen worden. Zie bijvoorbeeld <a href=\"http:\/\/www.jkcook.net\/Articles3\/0511.htm#Top\">hier<\/a>. A.M.<br \/>\n**Isra\u00ebl heeft nog steeds geen Grondwet, al was die aangekondigd in de Onafhankelijkheidsverklaring. Er is dus geen wettelijke bepaling dat alle staatsburgers, ongeacht religie of etniciteit dezelfde rechten hebben, en het is dus vrijwel onmogelijk om tegen discriminatie op te treden. <\/p>\n","protected":false},"excerpt":{"rendered":"<p>Ik ben een groot fan van journalist Gideon Levy, die als Isra\u00ebli de moed heeft om elke keer opnieuw de vinger op de zere plekken van zijn eigen land te leggen. Nu ook weer zijn laatste stuk, over de vraag, &hellip; <a href=\"https:\/\/www.anjameulenbelt.nl\/weblog\/2010\/08\/14\/we-zien-het-bos-niet-door-gideon-levy\/\">Lees verder <span class=\"meta-nav\">&rarr;<\/span><\/a><\/p>\n","protected":false},"author":2,"featured_media":0,"comment_status":"open","ping_status":"open","sticky":false,"template":"","format":"standard","meta":{"footnotes":"","_jetpack_memberships_contains_paid_content":false},"categories":[2],"tags":[43],"jetpack_sharing_enabled":true,"jetpack_featured_media_url":"","_links":{"self":[{"href":"https:\/\/www.anjameulenbelt.nl\/weblog\/wp-json\/wp\/v2\/posts\/21245"}],"collection":[{"href":"https:\/\/www.anjameulenbelt.nl\/weblog\/wp-json\/wp\/v2\/posts"}],"about":[{"href":"https:\/\/www.anjameulenbelt.nl\/weblog\/wp-json\/wp\/v2\/types\/post"}],"author":[{"embeddable":true,"href":"https:\/\/www.anjameulenbelt.nl\/weblog\/wp-json\/wp\/v2\/users\/2"}],"replies":[{"embeddable":true,"href":"https:\/\/www.anjameulenbelt.nl\/weblog\/wp-json\/wp\/v2\/comments?post=21245"}],"version-history":[{"count":11,"href":"https:\/\/www.anjameulenbelt.nl\/weblog\/wp-json\/wp\/v2\/posts\/21245\/revisions"}],"predecessor-version":[{"id":56767,"href":"https:\/\/www.anjameulenbelt.nl\/weblog\/wp-json\/wp\/v2\/posts\/21245\/revisions\/56767"}],"wp:attachment":[{"href":"https:\/\/www.anjameulenbelt.nl\/weblog\/wp-json\/wp\/v2\/media?parent=21245"}],"wp:term":[{"taxonomy":"category","embeddable":true,"href":"https:\/\/www.anjameulenbelt.nl\/weblog\/wp-json\/wp\/v2\/categories?post=21245"},{"taxonomy":"post_tag","embeddable":true,"href":"https:\/\/www.anjameulenbelt.nl\/weblog\/wp-json\/wp\/v2\/tags?post=21245"}],"curies":[{"name":"wp","href":"https:\/\/api.w.org\/{rel}","templated":true}]}}