{"id":29666,"date":"2010-12-04T08:51:18","date_gmt":"2010-12-04T07:51:18","guid":{"rendered":"http:\/\/www.anjameulenbelt.nl\/weblog\/2010\/12\/04\/"},"modified":"2011-07-25T22:32:16","modified_gmt":"2011-07-25T20:32:16","slug":"vrienden-van-israel","status":"publish","type":"post","link":"https:\/\/www.anjameulenbelt.nl\/weblog\/2010\/12\/04\/vrienden-van-israel\/","title":{"rendered":"&#8216;Vrienden&#8217; van Isra\u00ebl"},"content":{"rendered":"<p><a href=\"https:\/\/www.anjameulenbelt.nl\/weblog\/wp-content\/uploads\/2010\/12\/israel_we_love_you.jpg\"><img loading=\"lazy\" decoding=\"async\" src=\"https:\/\/www.anjameulenbelt.nl\/weblog\/wp-content\/uploads\/2010\/12\/israel_we_love_you-300x222.jpg\" alt=\"\" title=\"- israel_we_love_you\" width=\"300\" height=\"222\" class=\"alignnone size-medium wp-image-29672\" srcset=\"https:\/\/www.anjameulenbelt.nl\/weblog\/wp-content\/uploads\/2010\/12\/israel_we_love_you-300x222.jpg 300w, https:\/\/www.anjameulenbelt.nl\/weblog\/wp-content\/uploads\/2010\/12\/israel_we_love_you.jpg 1012w\" sizes=\"(max-width: 300px) 100vw, 300px\" \/><\/a><\/p>\n<p>Te gast: Abu Pessoptimist. <\/p>\n<blockquote><p>Er bestaat een  gewoonte om te spreken van de &#8216;vrienden&#8217; en de &#8216;vijanden&#8217; van Isra\u00ebl. Die gewoonte zorgt voor spraakverwarringen, want wat zijn vrienden? En wat vijanden?<br \/>\n<!--more--><br \/>\nWel, vrienden van Isra\u00ebl zijn mensen die zeggen dat je best kritiek op Isra\u00ebl mag hebben, maar het zelf nooit hebben. Geen oorlog gaat hen te ver, geen blokkade van Gaza vinden ze te heftig. Zij zijn voor een twee-statenoplossing , maar als Isra\u00ebl doorgaat met de diefstal van land bestemd voor de Palestijnse staat om er uitbreidingen van nederzettingen op te vestigen, hoor je ze niet. Tekenen van toenemende verrechtsing en racisme in Isra\u00ebl nemen zij voor lief. Kritiek? Vrienden van Isra\u00ebl &#8211;  zoals het CIDI, Christenen voor Isra\u00ebl, de ChristenUnie en de SGP, Ruben Vis, rabbijn Evers, AIPAC, The Anti Defamation League, CAMERA, Honest Reporting, The Israel Project, Geert Wilders, noem ze maar op &#8211; die hebben geen kritiek.<br \/>\nEn de vijanden? Wie zijn de vijanden? Wel, het zijn de vrienden van Isra\u00ebl die bepalen wie de vijanden van Isra\u00ebl zijn. Het is belangrijk dat te onthouden. En wie bestempelen de vrienden van Isra\u00ebl tot vijanden? Hamas natuurlijk. En Hezbollah. En misschien wel alle Arabieren. Maar daarnaast toch vooral mensen die, anders dan zijzelf, w\u00e9l kritisch reageren als Isra\u00ebl een Muur door Palestijns gebied bouwt, veldtochten houdt zoals in Gaza, internationale wetten negeert en het niet te nauw neemt met mensenrechten. Of het nu Palestijnen zijn die het langzamerhand wel eens tijd vinden voor een vredesakkoord dat een eind maakt aan de bezetting, mensen die kritisch zijn uit angst dat als Isra\u00ebl op de huidige weg voortgaat, het over 20-30 jaar niet meer bestaat, of mensen die zich gewoon druk maken om internationaal recht, maakt niet uit. Critici zijn critici en dus vijanden.<\/p>\n<p>En omdat de wind tegenwoordig nogal van rechts waait &#8211; in Isra\u00ebl en ook daarbuiten &#8211; hebben de vrienden van Isra\u00ebl de wind mee. Daardoor kunnen ze heel veel menden en instanties tot vijanden bestempelen. En omdat Isra\u00ebl, dat ooit doorging voor links, progressief en egalitair, tegenwoordig de lieveling is van alles wat rechts is en conservatief, worden beschuldigingen dat mensen die kritisch geluiden over Isra\u00ebl laten horen vijanden zijn, grif overgenomen.  <\/p>\n<p>En worden die beschuldigingen ooit onderzocht? Wordt er zelfs maar gekeken of wat er gezegd en geschreven wordt ook op waarheid berust? Nou nee, onderzoeken is  niet de gewoonte in kringen van rechtse journalistiek.\n<\/p><\/blockquote>\n<p>Lees verder bij Abu Pessoptimist, <a href=\"http:\/\/abu-pessoptimist.blogspot.com\/\">hier.<\/a><\/p>\n","protected":false},"excerpt":{"rendered":"<p>Te gast: Abu Pessoptimist. Er bestaat een gewoonte om te spreken van de &#8216;vrienden&#8217; en de &#8216;vijanden&#8217; van Isra\u00ebl. Die gewoonte zorgt voor spraakverwarringen, want wat zijn vrienden? En wat vijanden?<\/p>\n","protected":false},"author":2,"featured_media":0,"comment_status":"open","ping_status":"open","sticky":false,"template":"","format":"standard","meta":{"footnotes":"","_jetpack_memberships_contains_paid_content":false},"categories":[2,14],"tags":[100],"jetpack_sharing_enabled":true,"jetpack_featured_media_url":"","_links":{"self":[{"href":"https:\/\/www.anjameulenbelt.nl\/weblog\/wp-json\/wp\/v2\/posts\/29666"}],"collection":[{"href":"https:\/\/www.anjameulenbelt.nl\/weblog\/wp-json\/wp\/v2\/posts"}],"about":[{"href":"https:\/\/www.anjameulenbelt.nl\/weblog\/wp-json\/wp\/v2\/types\/post"}],"author":[{"embeddable":true,"href":"https:\/\/www.anjameulenbelt.nl\/weblog\/wp-json\/wp\/v2\/users\/2"}],"replies":[{"embeddable":true,"href":"https:\/\/www.anjameulenbelt.nl\/weblog\/wp-json\/wp\/v2\/comments?post=29666"}],"version-history":[{"count":5,"href":"https:\/\/www.anjameulenbelt.nl\/weblog\/wp-json\/wp\/v2\/posts\/29666\/revisions"}],"predecessor-version":[{"id":52657,"href":"https:\/\/www.anjameulenbelt.nl\/weblog\/wp-json\/wp\/v2\/posts\/29666\/revisions\/52657"}],"wp:attachment":[{"href":"https:\/\/www.anjameulenbelt.nl\/weblog\/wp-json\/wp\/v2\/media?parent=29666"}],"wp:term":[{"taxonomy":"category","embeddable":true,"href":"https:\/\/www.anjameulenbelt.nl\/weblog\/wp-json\/wp\/v2\/categories?post=29666"},{"taxonomy":"post_tag","embeddable":true,"href":"https:\/\/www.anjameulenbelt.nl\/weblog\/wp-json\/wp\/v2\/tags?post=29666"}],"curies":[{"name":"wp","href":"https:\/\/api.w.org\/{rel}","templated":true}]}}