{"id":29809,"date":"2010-12-05T16:26:56","date_gmt":"2010-12-05T15:26:56","guid":{"rendered":"http:\/\/www.anjameulenbelt.nl\/weblog\/2010\/12\/05\/"},"modified":"2011-08-06T14:34:42","modified_gmt":"2011-08-06T12:34:42","slug":"ismail-haniye-en-de-palestijnse-staat","status":"publish","type":"post","link":"https:\/\/www.anjameulenbelt.nl\/weblog\/2010\/12\/05\/ismail-haniye-en-de-palestijnse-staat\/","title":{"rendered":"Ismail Haniye en de Palestijnse staat"},"content":{"rendered":"<p><img loading=\"lazy\" decoding=\"async\" src=\"https:\/\/www.anjameulenbelt.nl\/weblog\/wp-content\/uploads\/2010\/12\/Haniyekl2.jpg\" alt=\"\" title=\"- Haniyekl2\" width=\"368\" height=\"282\" class=\"alignnone size-full wp-image-29821\" srcset=\"https:\/\/www.anjameulenbelt.nl\/weblog\/wp-content\/uploads\/2010\/12\/Haniyekl2.jpg 368w, https:\/\/www.anjameulenbelt.nl\/weblog\/wp-content\/uploads\/2010\/12\/Haniyekl2-300x229.jpg 300w\" sizes=\"(max-width: 368px) 100vw, 368px\" \/><\/p>\n<p>In 1997 interviewde ik Ismail Hania (of Haniyeh) En maakte de foto hierboven. Hij was toen nog sportcoach en studentenco\u00f6rdinator en nog niet zo grijs. Ik had geen idee dat ik een toekomstig president zou interviewen, en ook de port\u00e9e van wat hij zei ontging me toen nog grotendeels. Dat Hamas in feite al bereid was om een compromis te sluiten, en met Fatah samen te werken aan een twee-statenoplossing, dat wil zeggen, een Palestijnse staat binnen de grenzen van 1967. Of anders gezegd: op de Westoever en in de Gazastrook.<br \/>\n<!--more--><br \/>\nDaar dacht ik aan omdat het opnieuw als nieuws wordt gepresenteerd in Haaretz dat Haniye bereid is om een beperkte Palestijnse staat te accepteren. &#8220;We accept a Palestinian state on the borders of 1967, with Jerusalem as its capital, the release of Palestinian prisoners, and the resolution of the issue of refugees,&#8221; Haniyeh said, referring to the year of Middle East war in which Israel captured East Jerusalem and the Palestinian territories. &#8220;Hamas will respect the results (of a referendum) regardless of whether it differs with its ideology and principles,&#8221; he said, provided it included all Palestinians in Gaza, the West Bank and the diaspora.<br \/>\n<a href=\"http:\/\/www.haaretz.com\/news\/diplomacy-defense\/hamas-vows-to-honor-palestinian-referendum-on-peace-with-israel-1.328234\">hier<\/a><\/p>\n<p><img loading=\"lazy\" decoding=\"async\" src=\"https:\/\/www.anjameulenbelt.nl\/weblog\/wp-content\/uploads\/2010\/12\/Haniyeh1.jpg\" alt=\"\" title=\"- Haniyeh\" width=\"295\" height=\"171\" class=\"alignnone size-full wp-image-29863\" \/><\/p>\n<p>Dat is dus niet nieuw. Haniyeh zei dat ook al twee jaar geleden in een interview in Haaretz door Amira Hass. Zie <a href=\"https:\/\/www.anjameulenbelt.nl\/weblog\/2008\/11\/09\/haniyeh-hamas-willing-to-accept-palestinian-state-with-1967-borders\/\">hier<\/a>. En Khaled Meshal zei het ook. Zie Siegman, <a href=\"https:\/\/www.anjameulenbelt.nl\/weblog\/2010\/09\/06\/het-hernieuwde-vredesoverleg-2\/\">hier<\/a>. Maar niemand luistert. <\/p>\n<p>En dertien jaar geleden had iedereen die bereid was om het Hamas te praten het ook al kunnen weten.<br \/>\nZie hieronder, het korte interview dat ik maakte, en dat in hoofdstuk 1 van <em>Het beroofde land<\/em> verscheen. <\/p>\n<p>&#8220;Het was niet gemakkelijk om een woordvoerder van Hamas te spreken te krijgen. \u2018Ze hebben genoeg van buitenlandse journalisten\u2019, vertelt Khaled me, maar hij zal het voor me proberen, hij kent nog een man uit de gevangenis. Een heel redelijke man, in de gevangenis had hij door de contacten met andere politieke groeperingen veel van zijn dogmatische houding laten varen.<\/p>\n<p>Op de afgesproken tijd komt hij weliswaar niet opdagen, maar twee dagen later staat hij opeens in het kantoor van de Society: Ismail Hania. Hij geeft Khaled een hand en omhelst hem. Ik krijg geen hand, maar dat had ik ook niet verwacht. De deur van de kamer waarin ik hem interview, laat ik openstaan. Hania kijkt streng boven zijn ronde Hamas-baard, en als hij praat kijkt hij me vrijwel niet aan. Als moslim mag hij dat niet, een vreemde vrouw aanstaren, en dan nog wel een die geen hoofddoek draagt.<\/p>\n<p>Hania is studentenco\u00f6rdinator aan de Islamitische Universiteit. En sportcoach. Vier jaar in de gevangenis, een jaar in ballingschap in Libanon. Hij maakt deel uit van de commissie die met het Palestijns Gezag onderhandelt. Eigenlijk komt zijn verhaal in grote lijnen overeen met wat de andere opposanten vertelden. Tegen de Oslo-akkoorden. \u2018Onderhandelingen leveren alleen iets op als de twee partijen evenveel macht hebben, en wij hadden dat niet. We zijn voor elke centimeter bevrijding van Palestijns land. We zijn voor terugtrekking van de bezetting uit Gaza en de Westoever, terugtrekking van de nederzettingen, vrijlating van alle politieke gevangenen, en recht van terugkeer voor de vluchtelingen. Daarna kunnen we tot een werkelijke wapenstilstand komen, eerder niet.\u2019<\/p>\n<p>Maar was Hamas niet tegen het erkennen van de staat Isra\u00ebl? Hij aarzelt. \u2018Wat we eigenlijk willen, is een islamitisch-Palestijnse staat in het hele gebied, waarin ook Joden kunnen wonen. Met verkiezingen. Waarom niet? Joden hebben vaker in islamitische staten geleefd, zoals achthonderd jaar geleden in Andalusi\u00eb, en zelfs Golda Meir heeft moeten toegeven dat de Joden het toen niet slecht hadden. In Duitsland hadden ze het slecht, maar onder islamitisch recht niet. De profeet Mohammed heeft nog gezegd dat een christen of een Jood die onder de islam leeft, gehuisvest en behandeld moet worden alsof het de Profeet is. Ja, we hebben twee visioenen: \u00e9\u00e9n een islamitische staat, maar dat duurt nog generaties, en een toekomstbeeld voor nu, en dat is dat Isra\u00ebl zich terugtrekt achter de grenzen van 1967. Daarin proberen we samen te werken met de PLO, ook al hebben we verschillen van mening.\u2019<\/p>\n<p>Heeft Hamas dan afgezien van gewapend verzet? \u2018Hamas heeft altijd meer gedaan dan dat, we hebben sociale voorzieningen, we geven de jeugd sport. En kijk, we waren bezet, ons land was gestolen, onze mensen waren gedeporteerd. We waren slachtoffers van zionistische terroristen. Net als de Nederlanders tijdens de Duitse bezetting. Jullie hadden het recht om je land te verdedigen, ook met gewapend verzet, wij hebben dat ook. We hebben vier miljoen vluchtelingen, ook de mensen die hier leven hebben geen mensenrechten, elke dag worden er nederzettingen bijgebouwd, wordt er land geconfisqueerd. Hebben wij niet het recht om ons land te verdedigen, te vechten om het terug te krijgen? Maar als het met vrede kan, als we met vrede onze rechten terug kunnen krijgen, dan met vrede.\u2019<br \/>\nHij heeft een boodschap voor het Nederlandse volk, dat veel geleden heeft onder de bezetting: \u2018Wij hebben hulp nodig bij het vestigen van een onafhankelijke staat. We moeten elkaar vaker ontmoeten, onze volken.\u2019 Hij was erg gelukkig toen in een voetbalwedstrijd in Boekarest eindelijk de Palestijnse vlag kon wapperen. En hij heeft als sportman grote bewondering voor Ruud Gullit. Eindelijk komt er een brede lach op zijn strenge gezicht. Als hij weggaat geeft hij me nog steeds geen hand, maar hij zegt: \u2018Ik hoop dat we elkaar de volgende keer kunnen ontmoeten in Jeruzalem, de hoofdstad van de Palestijnse staat.\u2019&#8221;<\/p>\n","protected":false},"excerpt":{"rendered":"<p>In 1997 interviewde ik Ismail Hania (of Haniyeh) En maakte de foto hierboven. Hij was toen nog sportcoach en studentenco\u00f6rdinator en nog niet zo grijs. Ik had geen idee dat ik een toekomstig president zou interviewen, en ook de port\u00e9e &hellip; <a href=\"https:\/\/www.anjameulenbelt.nl\/weblog\/2010\/12\/05\/ismail-haniye-en-de-palestijnse-staat\/\">Lees verder <span class=\"meta-nav\">&rarr;<\/span><\/a><\/p>\n","protected":false},"author":2,"featured_media":0,"comment_status":"open","ping_status":"open","sticky":false,"template":"","format":"standard","meta":{"footnotes":"","_jetpack_memberships_contains_paid_content":false},"categories":[2],"tags":[],"jetpack_sharing_enabled":true,"jetpack_featured_media_url":"","_links":{"self":[{"href":"https:\/\/www.anjameulenbelt.nl\/weblog\/wp-json\/wp\/v2\/posts\/29809"}],"collection":[{"href":"https:\/\/www.anjameulenbelt.nl\/weblog\/wp-json\/wp\/v2\/posts"}],"about":[{"href":"https:\/\/www.anjameulenbelt.nl\/weblog\/wp-json\/wp\/v2\/types\/post"}],"author":[{"embeddable":true,"href":"https:\/\/www.anjameulenbelt.nl\/weblog\/wp-json\/wp\/v2\/users\/2"}],"replies":[{"embeddable":true,"href":"https:\/\/www.anjameulenbelt.nl\/weblog\/wp-json\/wp\/v2\/comments?post=29809"}],"version-history":[{"count":22,"href":"https:\/\/www.anjameulenbelt.nl\/weblog\/wp-json\/wp\/v2\/posts\/29809\/revisions"}],"predecessor-version":[{"id":55400,"href":"https:\/\/www.anjameulenbelt.nl\/weblog\/wp-json\/wp\/v2\/posts\/29809\/revisions\/55400"}],"wp:attachment":[{"href":"https:\/\/www.anjameulenbelt.nl\/weblog\/wp-json\/wp\/v2\/media?parent=29809"}],"wp:term":[{"taxonomy":"category","embeddable":true,"href":"https:\/\/www.anjameulenbelt.nl\/weblog\/wp-json\/wp\/v2\/categories?post=29809"},{"taxonomy":"post_tag","embeddable":true,"href":"https:\/\/www.anjameulenbelt.nl\/weblog\/wp-json\/wp\/v2\/tags?post=29809"}],"curies":[{"name":"wp","href":"https:\/\/api.w.org\/{rel}","templated":true}]}}