{"id":31399,"date":"2010-12-24T12:09:00","date_gmt":"2010-12-24T11:09:00","guid":{"rendered":"http:\/\/www.anjameulenbelt.nl\/weblog\/2010\/12\/24\/"},"modified":"2011-08-06T21:52:13","modified_gmt":"2011-08-06T19:52:13","slug":"leesvoer-over-palestinaisrael","status":"publish","type":"post","link":"https:\/\/www.anjameulenbelt.nl\/weblog\/2010\/12\/24\/leesvoer-over-palestinaisrael\/","title":{"rendered":"Leesvoer over Palestina\/Isra\u00ebl"},"content":{"rendered":"<p><a href=\"https:\/\/www.anjameulenbelt.nl\/weblog\/wp-content\/uploads\/2010\/12\/Carmel-fire-21.jpg\"><img loading=\"lazy\" decoding=\"async\" src=\"https:\/\/www.anjameulenbelt.nl\/weblog\/wp-content\/uploads\/2010\/12\/Carmel-fire-21.jpg\" alt=\"\" title=\"- Carmel fire 2\" width=\"480\" height=\"342\" class=\"alignnone size-full wp-image-31402\" srcset=\"https:\/\/www.anjameulenbelt.nl\/weblog\/wp-content\/uploads\/2010\/12\/Carmel-fire-21.jpg 480w, https:\/\/www.anjameulenbelt.nl\/weblog\/wp-content\/uploads\/2010\/12\/Carmel-fire-21-300x213.jpg 300w\" sizes=\"(max-width: 480px) 100vw, 480px\" \/><\/a><\/p>\n<p>Een paar artikelen:<\/p>\n<p>1. <strong>De Carmelbrand<\/strong><\/p>\n<p>Tijdens de brand ging het om levens redden, en huizen, en niet om politieke analyses. Het was goed dat ook Turken en Palestijnen meehielpen de brand te blussen. De kritische vragen kwamen ook: hoe kon het gebeuren dat een land met een van de meest geavanceerde legers ter wereld niet het materieel en het personeel had om die brand snel te blussen? Maar er is nog meer aan de hand. Max Blumenthal schreef een artikel over de waarheid achter de brand.<br \/>\n<!--more--><br \/>\nEn die is dat dat bos dat nu in vlammen opging daar niet vanzelf is gegroeid. Na 1948 verwoestte Isra\u00ebl honderden Palestijnse dorpen, om te voorkomen dat Palestijnse vluchtelingen terug konden keren, maar ook om de Palestijnse geschiedenis zoveel mogelijk uit te wissen &#8211; als hadden ze nooit bestaan, als was het land volgens de mythe werkelijk bijna leeg geweest. Het Joods Nationaal Fonds &#8211; vele Nederlanders zullen zich nog herinneren eens een boompje te hebben geschonken &#8211; zorgde ervoor dat veel van de plaatsen waar een Palestijns dorp had gestaan bebost werden, met zo snel mogelijk groeiend gewas. Naaldbomen dus, die van nature in het land Isra\u00ebl\/Palestina helemaal niet thuishoren. En naaldbomen, in dat soms kurkdroge land, fikken als de pest. <\/p>\n<p>Lees het verhaal van Max Blumenthal, die ook op bezoek ging in het door het vuur bedreigde Ein Hod, een Isra\u00eblische kunstenaarskolonie annex toeristenattractie, eens een Palestijns stadje genaamd Ayn Hawd. Een deel van de oorspronkelijke bevolking leeft nog steeds in een na vele jaren strijd eindelijk erkend dorp. <a href=\"http:\/\/electronicintifada.net\/v2\/article11661.shtml\">Hier<\/a> het hele verhaal. <\/p>\n<p><a href=\"https:\/\/www.anjameulenbelt.nl\/weblog\/wp-content\/uploads\/2010\/12\/Carmel-fire1.jpg\"><img loading=\"lazy\" decoding=\"async\" src=\"https:\/\/www.anjameulenbelt.nl\/weblog\/wp-content\/uploads\/2010\/12\/Carmel-fire1.jpg\" alt=\"\" title=\"- Carmel fire\" width=\"500\" height=\"333\" class=\"alignnone size-full wp-image-31405\" srcset=\"https:\/\/www.anjameulenbelt.nl\/weblog\/wp-content\/uploads\/2010\/12\/Carmel-fire1.jpg 500w, https:\/\/www.anjameulenbelt.nl\/weblog\/wp-content\/uploads\/2010\/12\/Carmel-fire1-300x199.jpg 300w\" sizes=\"(max-width: 500px) 100vw, 500px\" \/><\/a><\/p>\n<p>2. <strong>Wat is er mis met het Goldstone Rapport? <\/strong><\/p>\n<p>Jerome Slater, net als Blumenthal niet de eerste de beste, schreef een kritische analyse van het Goldstone Rapport. Goldstone schreef een vernietigend rapport over de aanval op Gaza, bijgenaamd Gegoten Lood, waarbij vele burgers omkwamen. Zoals het rapport aantoonde: niet toevallig. Waarna er een giftige aanval op rechter Goldstone werd ingezet, die een jodenhatende jood zou zijn, een verrader, en het rapport werd weggezet als Isra\u00ebl-hatend en bevooroordeeld. <\/p>\n<p><img loading=\"lazy\" decoding=\"async\" src=\"https:\/\/www.anjameulenbelt.nl\/weblog\/wp-content\/uploads\/2010\/12\/gaza_mother_dead_children1.jpg\" alt=\"\" title=\"- gaza_mother_dead_children1\" width=\"390\" height=\"310\" class=\"alignnone size-full wp-image-31420\" srcset=\"https:\/\/www.anjameulenbelt.nl\/weblog\/wp-content\/uploads\/2010\/12\/gaza_mother_dead_children1.jpg 390w, https:\/\/www.anjameulenbelt.nl\/weblog\/wp-content\/uploads\/2010\/12\/gaza_mother_dead_children1-300x238.jpg 300w\" sizes=\"(max-width: 390px) 100vw, 390px\" \/><\/p>\n<p>Nu is er wel degelijk het een en ander aan te merken op het rapport, schrijft Slater, hoewel vrijwel alle feiten door rapporten van andere organisaties als het Rode Kruis, Oxfam en door ooggetuigen die er soldaat waren zijn bevestigd, maar bepaald niet dat Goldstone en zijn onderzoeksploeg hadden overdreven. Integendeel, het rapport was nog aanzienlijk te soft, en wel om een paar redenen. Het ging er niet alleen om of Isra\u00ebl met buitenproportioneel geweld de strijd in was gegaan en te weinig had gedaan om de burgers te sparen, het rapport ontwijkt de vraag of er \u00fcberhaupt sprake was van &#8216;zelfverdediging&#8217; toen Isra\u00ebl de aanval inzette. Al eerder had Isra\u00ebl laten zien er opzettelijk op uit te zijn om een burgerbevolking aan te vallen, met name tijdens de oorlog tegen Libanon in 2006. Slater bevestigt nog eens wat ik in mijn boek <em>Oorlog als er vrede dreigt<\/em> ook stelde; Isra\u00ebl had andere methoden kunnen gebruiken om een einde te maken aan de raketbeschietingen, en had elk aanbod tot een wapenstilstand met Hamas afgewezen, bovendien, en had net als vele eerdere keren de wapenstilstand als eerste doorbroken. Zo samengevat is het niet alleen dat er tijdens de aanval oorlogsmisdaden zijn gepleegd, de gehele aanval was een oorlogsmisdaad. Zie het complete verhaal van Slater: <a href=\"http:\/\/mondoweiss.net\/2010\/12\/whats-really-wrong-with-the-goldstone-report.html\">hier. <\/a><\/p>\n<p>En lees bijvoorbeeld over een van de gebeurtenissen die tijdens de aanval plaatsvond, waarbij een vluchtende vrouw die een witte vlag droeg werd doodgeschoten. <a href=\"http:\/\/www.haaretz.com\/print-edition\/news\/idf-soldier-charged-with-killing-gaza-civilian-i-was-only-following-orders-1.332334\">Hier.<\/a><\/p>\n<p>3. <strong>Toenemend racisme in Isra\u00ebl<\/strong><\/p>\n<p>Eens stond de westerse wereld op zijn kop toen op een VN-conferentie werd gezegd dat zionisme neerkwam op racisme. Nee, het zionisme was nooit <em>bedoeld<\/em> als racisme, en kan er ook niet mee gelijkgesteld worden. Maar dit is wel een feit, dat inmiddels ruimschoots is gedocumenteerd: dat de zionistische beweging van plan was om een joodse staat te vestigen op een zo groot mogelijk deel van het historische Palestina, en daartoe van plan was om een zo groot mogelijk deel van de Arabische bevolking te verwijderen. Om vervolgens de Palestijnen die in de nieuwe joodse staat overbleven een status te geven van tweederangsburgers. Mijn stelling is dat wanneer je eenmaal begint met burgers verschillende rechten te geven op grond van hun religieuze-etnische afkomst, je er niet aan ontkomt dat racistisch denken normaal wordt &#8211; al was het alleen maar om te kunnen rechtvaardigen waarom de ene groep boven de andere wordt gesteld. <\/p>\n<p><img loading=\"lazy\" decoding=\"async\" src=\"https:\/\/www.anjameulenbelt.nl\/weblog\/wp-content\/uploads\/2010\/12\/Arabs436x328_52097_64765.jpg\" alt=\"\" title=\"- Arabs436x328_52097_64765\" width=\"436\" height=\"328\" class=\"alignnone size-full wp-image-31492\" srcset=\"https:\/\/www.anjameulenbelt.nl\/weblog\/wp-content\/uploads\/2010\/12\/Arabs436x328_52097_64765.jpg 436w, https:\/\/www.anjameulenbelt.nl\/weblog\/wp-content\/uploads\/2010\/12\/Arabs436x328_52097_64765-300x225.jpg 300w\" sizes=\"(max-width: 436px) 100vw, 436px\" \/><\/p>\n<p>Dat de joodse staat racisme produceert, en steeds meer racisme, kan moeilijk meer ontkend worden. In de angst om de joodse meerderheid kwijt te raken (lees daarover eveneens mijn boek) wordt vrijwel elke niet-jood een bedreiging, voorop uiteraard de Palestijnen, maar ook de buitenlandse gastarbeiders die &#8211; oh ironie &#8211; aangetrokken moesten worden toen de Palestijnen uit de bezette gebieden niet meer in Isra\u00ebl mochten werken. En vluchtelingen, waarvoor nu nieuwe kampen worden ingericht en een extra muur (kosten 370 miljoen dollar) om ze tegen te houden. Van de 4000 vluchtelingen die afgelopen jaar asiel aanvroegen mogen er zegge en schrijve 2 (twee) blijven &#8211; geen wonder dat Wilders zo&#8217;n fan is van Isra\u00ebl. En dan zijn er nog de &#8216;zwarte&#8217; joden, afkomstig uit Ethiopi\u00eb, eens met veel fanfare naar Isra\u00ebl gehaald, nu zwaar gediscrimineerd. <\/p>\n<p><img loading=\"lazy\" decoding=\"async\" src=\"https:\/\/www.anjameulenbelt.nl\/weblog\/wp-content\/uploads\/2010\/12\/Falasha-Racism1.jpg\" alt=\"\" title=\"- Falasha Racism\" width=\"400\" height=\"288\" class=\"alignnone size-full wp-image-31498\" srcset=\"https:\/\/www.anjameulenbelt.nl\/weblog\/wp-content\/uploads\/2010\/12\/Falasha-Racism1.jpg 400w, https:\/\/www.anjameulenbelt.nl\/weblog\/wp-content\/uploads\/2010\/12\/Falasha-Racism1-300x216.jpg 300w\" sizes=\"(max-width: 400px) 100vw, 400px\" \/><\/p>\n<p>Het is al normaal geworden dat rabbijnen, van wie velen door de staat worden betaald, andere joden oproepen om geen woningen en kamers te verhuren aan Arabieren (<a href=\"http:\/\/www.ynetnews.com\/articles\/0,7340,L-4003823,00.html\">hier<\/a>), en onlangs was er een demonstratie waarin geschreeuwd werd &#8220;dood aan elke jood die aan een Arabier verhuurt, dood aan elke joodse vrouw die het met een Arabier doet.&#8221; <a href=\"http:\/\/www.ynetnews.com\/articles\/0,7340,L-4002085,00.html\">Hier.<\/a><\/p>\n<p><img loading=\"lazy\" decoding=\"async\" src=\"https:\/\/www.anjameulenbelt.nl\/weblog\/wp-content\/uploads\/2010\/12\/demo-dood.jpg\" alt=\"\" title=\"- demo dood\" width=\"408\" height=\"272\" class=\"alignnone size-full wp-image-31540\" srcset=\"https:\/\/www.anjameulenbelt.nl\/weblog\/wp-content\/uploads\/2010\/12\/demo-dood.jpg 408w, https:\/\/www.anjameulenbelt.nl\/weblog\/wp-content\/uploads\/2010\/12\/demo-dood-300x200.jpg 300w\" sizes=\"(max-width: 408px) 100vw, 408px\" \/><\/p>\n<p>Lees Gideon Levy over het toenemend racisme in Israel, <a href=\"http:\/\/www.haaretz.com\/print-edition\/opinion\/the-rotting-safed-cheese-1.321531\">hier<\/a> en <a href=\"http:\/\/www.haaretz.com\/print-edition\/opinion\/racism-has-reared-its-head-and-the-public-is-apathetic-1.332365\">hier.<\/a><\/p>\n<p>En zie over de angst voor &#8216;buitenlanders&#8217;, <a href=\"http:\/\/www.haaretz.com\/weekend\/week-s-end\/foreign-fear-factor-1.332671\">hier.<\/a><\/p>\n<p>En gelukkig zijn er ook Israeli&#8217;s die protesteren tegen de &#8216;opvangkampen&#8217;, lees, letterlijk, concentratiekampen, voor vluchtelingen. <a href=\"http:\/\/www.haaretz.com\/news\/national\/thousands-in-tel-aviv-protest-plan-for-refugee-detention-facility-1.332737\">Hier.<\/a><\/p>\n<p>4. <strong>De tirannie van de Isra\u00eblische meerderheid<\/strong><\/p>\n<p>Laatste artikel. Veteraan Zeev Sternhell, toegewijd zionist, maakt zich steeds meer zorgen over zijn land, het gaat de verkeerde kant op, en wel drastisch. We zitten met een parlement dat fungeert als een lopende band voor een soort van wetgeving die het land steeds dieper in het moeras trekt, zegt hij &#8211; in iets andere bewoordingen. In Isra\u00ebl spreken we niet over een democratie die begrijpt dat een democratie er is om niet alleen de wil van de meerderheid door te zetten, maar om de rechten van minderheden te beschermen &#8211; nou daar kun je tegenwoordig in Nederland ook een verhaal over houden trouwens, met Isra\u00ebl-vriend Wilders die helemaal niet vindt dat je de vrijheid en de rechten van minderheden moet verdedigen. <\/p>\n<p><img loading=\"lazy\" decoding=\"async\" src=\"https:\/\/www.anjameulenbelt.nl\/weblog\/wp-content\/uploads\/2010\/12\/aazeev-sternhell.jpg\" alt=\"\" title=\"- aazeev-sternhell\" width=\"238\" height=\"200\" class=\"alignnone size-full wp-image-31501\" \/><br \/>\n(Sternhell)<\/p>\n<p>In Isra\u00ebl geldt het recht van de sterkste en dat heet daar democratie. En daarmee is Isra\u00ebl niet in staat om de meest dringende problemen op te lossen, die van de doorgaande bezetting bijvoorbeeld. Hoe lang gaat het duren voordat Obama en de Europeanen doorkrijgen dat er met Isra\u00ebl pas te praten valt wanneer ze een keer hartgrondig onderuit zijn gehaald? Lees Sternhell, <a href=\"http:\/\/www.haaretz.com\/print-edition\/opinion\/the-tyranny-of-the-israeli-majority-1.332641\">hier.<\/a><\/p>\n","protected":false},"excerpt":{"rendered":"<p>Een paar artikelen: 1. De Carmelbrand Tijdens de brand ging het om levens redden, en huizen, en niet om politieke analyses. Het was goed dat ook Turken en Palestijnen meehielpen de brand te blussen. De kritische vragen kwamen ook: hoe &hellip; <a href=\"https:\/\/www.anjameulenbelt.nl\/weblog\/2010\/12\/24\/leesvoer-over-palestinaisrael\/\">Lees verder <span class=\"meta-nav\">&rarr;<\/span><\/a><\/p>\n","protected":false},"author":2,"featured_media":0,"comment_status":"open","ping_status":"open","sticky":false,"template":"","format":"standard","meta":{"footnotes":"","_jetpack_memberships_contains_paid_content":false},"categories":[2],"tags":[],"jetpack_sharing_enabled":true,"jetpack_featured_media_url":"","_links":{"self":[{"href":"https:\/\/www.anjameulenbelt.nl\/weblog\/wp-json\/wp\/v2\/posts\/31399"}],"collection":[{"href":"https:\/\/www.anjameulenbelt.nl\/weblog\/wp-json\/wp\/v2\/posts"}],"about":[{"href":"https:\/\/www.anjameulenbelt.nl\/weblog\/wp-json\/wp\/v2\/types\/post"}],"author":[{"embeddable":true,"href":"https:\/\/www.anjameulenbelt.nl\/weblog\/wp-json\/wp\/v2\/users\/2"}],"replies":[{"embeddable":true,"href":"https:\/\/www.anjameulenbelt.nl\/weblog\/wp-json\/wp\/v2\/comments?post=31399"}],"version-history":[{"count":32,"href":"https:\/\/www.anjameulenbelt.nl\/weblog\/wp-json\/wp\/v2\/posts\/31399\/revisions"}],"predecessor-version":[{"id":56620,"href":"https:\/\/www.anjameulenbelt.nl\/weblog\/wp-json\/wp\/v2\/posts\/31399\/revisions\/56620"}],"wp:attachment":[{"href":"https:\/\/www.anjameulenbelt.nl\/weblog\/wp-json\/wp\/v2\/media?parent=31399"}],"wp:term":[{"taxonomy":"category","embeddable":true,"href":"https:\/\/www.anjameulenbelt.nl\/weblog\/wp-json\/wp\/v2\/categories?post=31399"},{"taxonomy":"post_tag","embeddable":true,"href":"https:\/\/www.anjameulenbelt.nl\/weblog\/wp-json\/wp\/v2\/tags?post=31399"}],"curies":[{"name":"wp","href":"https:\/\/api.w.org\/{rel}","templated":true}]}}