{"id":498,"date":"2004-10-09T08:49:32","date_gmt":"2004-10-09T06:49:32","guid":{"rendered":"http:\/\/www.anjameulenbelt.nl\/weblog\/?p=498"},"modified":"2011-07-27T16:25:57","modified_gmt":"2011-07-27T14:25:57","slug":"de-dialoog","status":"publish","type":"post","link":"https:\/\/www.anjameulenbelt.nl\/weblog\/2004\/10\/09\/de-dialoog\/","title":{"rendered":"De Dialoog"},"content":{"rendered":"<p>Voor de Nederlanders die de Nederlandse Moslimomroep nog niet kennen en nog moeten ontdekken dat die er niet alleen is voor moslims: al een tijdje zendt de NMO een mooie serie interviews uit onder het kopje De Dialoog. Ze interviewen medestanders en tegenstanders, stevig, maar respectvol. Er komt weer een nieuwe serie aan, interviews door Radi Suudi. Morgen is er een interveiw met Hans Dijkstal. Kan interessant worden.<br \/>\nAlleen jammer dat die interviews altijd plaats vinden op de zondag en ik als moslimvriendelijke, kerkelijke politica altijd moet kiezen tussen NMO, kerk of Buitenhof. Gelukkig is er een herhaling op de zaterdag erna. <\/p>\n<p><img decoding=\"async\" src=\"https:\/\/www.anjameulenbelt.nl\/weblog\/wp-content\/uploads\/images\/Radi.jpg\" alt=\"Radi Suudi\" \/><br \/>\nRadi Suudi tijdens een heftig debat<br \/>\n<!--more--><\/p>\n<p>Nederlandse Moslim Omroep<br \/>\n Zondag 10 oktober<br \/>\n12.30 tot 13.00 uur op Nederland 1 <\/p>\n<p>D e  D i a l o o g<br \/>\nmet Hans Dijkstal<\/p>\n<p>In de nieuwe reeks van het Tv-programma De Dialoog is Hans Dijkstal de eerste gast. De presentator van De Dialoog, de Palestijns-Nederlandse Radi Suudi, gaat met hem in gesprek over de verloedering van het Nederlandse kabinet. Ook spreekt Dijkstal zijn zorgen uit over de stigmatisering van moslims in Nederland. <\/p>\n<p>In de volgende drie afleveringen van dit \u00e9\u00e9n-op-\u00e9\u00e9n gespreksprogramma gaat Radi Suudi de dialoog aan met Ed van Thijn, Cisca Dresselhuys en Sami Zemni, de jonge directeur van het Centrum voor Islam in Europa. <\/p>\n<p>Radi Suudi werd geboren in 1957 in Hilversum, als zoon van een Nederlandse moeder en een Palestijnse vader. Radi was in 1982 oprichter van de Stichting Joods-Palestijnse Dialoog. De bijeenkomsten van Palestijnen en Isra\u00ebli\u2019s leidden tot een werkelijke kennismaking van elkaars denkbeelden en gevoelens, en tot de ontdekking van hun verbondenheid door een gemeenschappelijk doel.<\/p>\n<p>Hans Dijkstal is somber over de signalen die het huidige kabinet afgeeft over gemeenschappelijke normen en waarden. In het geruchtmakende interview in het Algemeen Dagblad in juni van dit jaar nam hij geen blad voor de mond. Zijn eigen partijgenoten brandde hij af. In \u201cDe Dialoog\u201d maakt Dijkstal de balans op. <\/p>\n<p>\u201cNatuurlijk is het beeld dat ik heb opgeroepen over jodensterren betwistbaar. De vignetten van minister Verdonk zijn niet bedoeld als iets wat mensen op hun jas plakken. Maar de methode is wel om de mate van integratie van een bepaalde groep te meten. Ik zeg alleen dat in deze context processen voortsluimeren zoals \u00f3\u00f3k in Nazi Duitsland gebeurde in de jaren dertig. Dit is stigmatisering van groepen, een zondebok kiezen. Ik heb me altijd verzet tegen dat sfeertje van populisme, want dat is precies het verkeerde sentiment. Je mag politiek en maatschappelijk handelen, maar altijd op basis van respect. Ik vind dat teveel VVD-ers zich respectloos uitspreken over allochtonen, en moslims in het bijzonder. We zijn in Nederland aan het afglijden. We moeten oppassen. Wie? De politici, ook van mijn partij! Maar ook u, de directeur van een grote onderneming, of de leider van een kerk, we hebben daar allemaal een verantwoordelijkheid in. We moeten stelling innemen.\u201d<\/p>\n<p>Hoe zit dat dan met Dijkstal z\u00e9lf? Waar bleef z\u00edjn tegengeluid tijdens het lijsttrekkerschap voor de VVD, tijdens de hoogtijdagen van Pim Fortuyn? Spreekt hier nu de afgeserveerde politicus? Dijkstal bestrijdt dit. \u201cHet was politiek springtij. Tegen Fortuyns taal was niet op te boksen.\u201d Hij is altijd trouw gebleven aan zijn overtuigingen. \u201cMaar het was gedoemd te mislukken.\u201d <\/p>\n<p>Eerste aflevering met Hans Dijkstal.<\/p>\n<p>Zondag 10 oktober via Nederland 1 van 12.30 uur tot 13.00 uur. <\/p>\n<p>De herhaling is op zaterdag 16 oktober van 11.00  uur tot 11.30 uur via Nederland 1. <\/p>\n<p>Tweede aflevering met Cisca Dresselhuys.<\/p>\n<p>Zondag 17 oktober via Nederland 1 van 12.30 uur tot 13.00 uur. <\/p>\n<p>De herhaling is op zaterdag 23 oktober van 11.00  uur tot 11.30 uur via Nederland 1. <\/p>\n<p>Derde aflevering met Ed van Thijn.<\/p>\n<p>Zondag 24 oktober via Nederland 1 van 12.30 uur tot 13.00 uur. <\/p>\n<p>De herhaling is op zaterdag 30 oktober van 11.00  uur tot 11.30 uur via Nederland 1. <\/p>\n<p>Vierde aflevering met Sami Zemni.<\/p>\n<p>Zondag 31 oktober via Nederland 1 van 12.30 uur tot 13.00 uur. <\/p>\n<p>De herhaling is op zaterdag 6 november van 11.00  uur tot 11.30 uur via Nederland 1. <\/p>\n<p>Dit is de zesde serie gesprekken van De Dialoog. In de vorige seizoenen waren te gast: Rita Verdonk, Max van der Stoel, Nebahat Albayrak, Harry de Winter, Dries van Agt, Frits Bolkestein, Jeltje van Nieuwenhoven, Anja Meulenbelt, Halleh Ghorashi,  Theo van Gogh, Freek de Jonge, Filip Dewinter, Willem Oltmans en Pim Fortuyn.<\/p>\n","protected":false},"excerpt":{"rendered":"<p>Voor de Nederlanders die de Nederlandse Moslimomroep nog niet kennen en nog moeten ontdekken dat die er niet alleen is voor moslims: al een tijdje zendt de NMO een mooie serie interviews uit onder het kopje De Dialoog. Ze interviewen &hellip; <a href=\"https:\/\/www.anjameulenbelt.nl\/weblog\/2004\/10\/09\/de-dialoog\/\">Lees verder <span class=\"meta-nav\">&rarr;<\/span><\/a><\/p>\n","protected":false},"author":2,"featured_media":0,"comment_status":"open","ping_status":"open","sticky":false,"template":"","format":"standard","meta":{"footnotes":"","_jetpack_memberships_contains_paid_content":false},"categories":[6,145],"tags":[],"jetpack_sharing_enabled":true,"jetpack_featured_media_url":"","_links":{"self":[{"href":"https:\/\/www.anjameulenbelt.nl\/weblog\/wp-json\/wp\/v2\/posts\/498"}],"collection":[{"href":"https:\/\/www.anjameulenbelt.nl\/weblog\/wp-json\/wp\/v2\/posts"}],"about":[{"href":"https:\/\/www.anjameulenbelt.nl\/weblog\/wp-json\/wp\/v2\/types\/post"}],"author":[{"embeddable":true,"href":"https:\/\/www.anjameulenbelt.nl\/weblog\/wp-json\/wp\/v2\/users\/2"}],"replies":[{"embeddable":true,"href":"https:\/\/www.anjameulenbelt.nl\/weblog\/wp-json\/wp\/v2\/comments?post=498"}],"version-history":[{"count":1,"href":"https:\/\/www.anjameulenbelt.nl\/weblog\/wp-json\/wp\/v2\/posts\/498\/revisions"}],"predecessor-version":[{"id":54172,"href":"https:\/\/www.anjameulenbelt.nl\/weblog\/wp-json\/wp\/v2\/posts\/498\/revisions\/54172"}],"wp:attachment":[{"href":"https:\/\/www.anjameulenbelt.nl\/weblog\/wp-json\/wp\/v2\/media?parent=498"}],"wp:term":[{"taxonomy":"category","embeddable":true,"href":"https:\/\/www.anjameulenbelt.nl\/weblog\/wp-json\/wp\/v2\/categories?post=498"},{"taxonomy":"post_tag","embeddable":true,"href":"https:\/\/www.anjameulenbelt.nl\/weblog\/wp-json\/wp\/v2\/tags?post=498"}],"curies":[{"name":"wp","href":"https:\/\/api.w.org\/{rel}","templated":true}]}}