{"id":63719,"date":"2011-10-09T09:52:07","date_gmt":"2011-10-09T07:52:07","guid":{"rendered":"http:\/\/www.anjameulenbelt.nl\/weblog\/2011\/10\/09\/"},"modified":"2011-10-11T10:21:03","modified_gmt":"2011-10-11T08:21:03","slug":"wie-de-toekomst-nog-als-vangnet-heeft","status":"publish","type":"post","link":"https:\/\/www.anjameulenbelt.nl\/weblog\/2011\/10\/09\/wie-de-toekomst-nog-als-vangnet-heeft\/","title":{"rendered":"Wie de toekomst nog als vangnet heeft.."},"content":{"rendered":"<p><img loading=\"lazy\" decoding=\"async\" src=\"https:\/\/www.anjameulenbelt.nl\/weblog\/wp-content\/uploads\/2011\/10\/Monument-2-of-1.jpg\" alt=\"\" title=\"- Monument (2 of 1)\" width=\"500\" height=\"333\" class=\"alignleft size-full wp-image-63728\" srcset=\"https:\/\/www.anjameulenbelt.nl\/weblog\/wp-content\/uploads\/2011\/10\/Monument-2-of-1.jpg 500w, https:\/\/www.anjameulenbelt.nl\/weblog\/wp-content\/uploads\/2011\/10\/Monument-2-of-1-300x199.jpg 300w\" sizes=\"(max-width: 500px) 100vw, 500px\" \/><\/p>\n<p>Hermine Linnebank, met wie ik in Berlijn was, schreef vorig jaar bij het Monument voor de vermoorde joden van Europa het volgende gedicht, dat voor mij precies verwoordt wat ik er beleefde. <\/p>\n<p><strong>Monument<br \/>\nvoor de vermoorde Joden van Europa<br \/>\n<\/strong><br \/>\n<!--more--><br \/>\nzwijgen en ontkenning opgesteld<br \/>\ntot een barbaars en gruwelijk veld,<br \/>\neen versteende oceaan, waadbaar<br \/>\nals door de rode zee:<br \/>\nhier wijken golven zonder belofte<br \/>\nhier is massamoord verbeeld <\/p>\n<p>hier struikelen voeten; kantelt het brein <\/p>\n<p>waar door dieper af te dalen<br \/>\nhet begrip je nog meer te boven gaat,<br \/>\nhet onverdragelijk wordt als uit getallen<br \/>\n\u00e9\u00e9n plek, \u00e9\u00e9n gezicht, \u00e9\u00e9n stem<br \/>\nwordt uitgelicht <\/p>\n<p>Vanwaar je terecht gewezen terugkeert<br \/>\nnaar waar het weerbarstige kwaad<br \/>\ngeen eb kent &#8211;  <\/p>\n<p><em>maar wie de toekomst nog als vangnet<br \/>\nheeft, die kan hier onbevangen<br \/>\nverstoppertje spelen<\/em><\/p>\n<p>Potsdammerplatz\\<br \/>\nBerlijn 2010<\/p>\n","protected":false},"excerpt":{"rendered":"<p>Hermine Linnebank, met wie ik in Berlijn was, schreef vorig jaar bij het Monument voor de vermoorde joden van Europa het volgende gedicht, dat voor mij precies verwoordt wat ik er beleefde. Monument voor de vermoorde Joden van Europa<\/p>\n","protected":false},"author":2,"featured_media":0,"comment_status":"open","ping_status":"open","sticky":false,"template":"","format":"standard","meta":{"footnotes":"","_jetpack_memberships_contains_paid_content":false},"categories":[1],"tags":[],"jetpack_sharing_enabled":true,"jetpack_featured_media_url":"","_links":{"self":[{"href":"https:\/\/www.anjameulenbelt.nl\/weblog\/wp-json\/wp\/v2\/posts\/63719"}],"collection":[{"href":"https:\/\/www.anjameulenbelt.nl\/weblog\/wp-json\/wp\/v2\/posts"}],"about":[{"href":"https:\/\/www.anjameulenbelt.nl\/weblog\/wp-json\/wp\/v2\/types\/post"}],"author":[{"embeddable":true,"href":"https:\/\/www.anjameulenbelt.nl\/weblog\/wp-json\/wp\/v2\/users\/2"}],"replies":[{"embeddable":true,"href":"https:\/\/www.anjameulenbelt.nl\/weblog\/wp-json\/wp\/v2\/comments?post=63719"}],"version-history":[{"count":5,"href":"https:\/\/www.anjameulenbelt.nl\/weblog\/wp-json\/wp\/v2\/posts\/63719\/revisions"}],"predecessor-version":[{"id":64064,"href":"https:\/\/www.anjameulenbelt.nl\/weblog\/wp-json\/wp\/v2\/posts\/63719\/revisions\/64064"}],"wp:attachment":[{"href":"https:\/\/www.anjameulenbelt.nl\/weblog\/wp-json\/wp\/v2\/media?parent=63719"}],"wp:term":[{"taxonomy":"category","embeddable":true,"href":"https:\/\/www.anjameulenbelt.nl\/weblog\/wp-json\/wp\/v2\/categories?post=63719"},{"taxonomy":"post_tag","embeddable":true,"href":"https:\/\/www.anjameulenbelt.nl\/weblog\/wp-json\/wp\/v2\/tags?post=63719"}],"curies":[{"name":"wp","href":"https:\/\/api.w.org\/{rel}","templated":true}]}}