{"id":72868,"date":"2012-01-31T09:28:55","date_gmt":"2012-01-31T08:28:55","guid":{"rendered":"http:\/\/www.anjameulenbelt.nl\/weblog\/2012\/01\/31\/"},"modified":"2017-12-30T12:10:20","modified_gmt":"2017-12-30T11:10:20","slug":"hamas-en-de-arabische-lente","status":"publish","type":"post","link":"https:\/\/www.anjameulenbelt.nl\/weblog\/2012\/01\/31\/hamas-en-de-arabische-lente\/","title":{"rendered":"Hamas en de Arabische lente"},"content":{"rendered":"<p>(<em>Khaled Meshaal afgelopen zondag bij koning Abdullah II van Jordani\u00eb. In het midden de troonopvolger van Qatar, sheikh Tamim bin Hamad Al Thani. Niet zichtbaar op de foto is dat ook leden van het politbureau van Hamas aan de ontmoeting deelnamen, onder wie Moussa Abu Marzouq. (Reuters)<\/em>) <\/p>\n<p>Interessante analyse van de veranderingen binnen Hamas naar aanleiding van de machtsverschuivingen in de omringende Arabische landen: Hams was op bezoek in Jordanie. Lees Abu Pessoptimist:<br \/>\n<!--more--><\/p>\n<blockquote><p>Het leek haast alsof de Arabische Lente aan de Palestijnen voorbij was gegaan. Er waren tot nu toe geen massale protestbewegingen, en evenmin aanwijzingen dat Palestijnen naar het voorbeeld van Tunesi\u00eb, Egypte en andere Arabische landen aanstalten maakten om en masse te gaan &#8216;stemmen met hun voeten&#8217;. Afgezien van wat kleinere demonstraties was er slechts \u00e9\u00e9n opmerkelijke uitzondering: de marsen die Palestijnse vluchtelingen in Libanon en Syri\u00eb organiseerden naar de Isra\u00eblische grenzen op en rond 15 mei, de dag van de Nakba. De tienduizenden die eraan deelnamen zorgden voor grote nervositeit aan de Isra\u00eblische kant, die zich vertaalde in een bloedige reactie, waarbij een veertigtal demonstranten door de Isra\u00ebli&#8217;s werd doodgeschoten en een onbekend aantal gewond raakte.<\/p><\/blockquote>\n<p>Lees verder: <a href=\"http:\/\/abu-pessoptimist.blogspot.com\/2012\/01\/hamas-stelt-de-koers-bij-als-gevolg-van.html\">hier<\/a>.<\/p>\n","protected":false},"excerpt":{"rendered":"<p>(Khaled Meshaal afgelopen zondag bij koning Abdullah II van Jordani\u00eb. In het midden de troonopvolger van Qatar, sheikh Tamim bin Hamad Al Thani. Niet zichtbaar op de foto is dat ook leden van het politbureau van Hamas aan de ontmoeting &hellip; <a href=\"https:\/\/www.anjameulenbelt.nl\/weblog\/2012\/01\/31\/hamas-en-de-arabische-lente\/\">Lees verder <span class=\"meta-nav\">&rarr;<\/span><\/a><\/p>\n","protected":false},"author":2,"featured_media":0,"comment_status":"closed","ping_status":"open","sticky":false,"template":"","format":"standard","meta":{"footnotes":"","_jetpack_memberships_contains_paid_content":false},"categories":[2],"tags":[100],"jetpack_sharing_enabled":true,"jetpack_featured_media_url":"","_links":{"self":[{"href":"https:\/\/www.anjameulenbelt.nl\/weblog\/wp-json\/wp\/v2\/posts\/72868"}],"collection":[{"href":"https:\/\/www.anjameulenbelt.nl\/weblog\/wp-json\/wp\/v2\/posts"}],"about":[{"href":"https:\/\/www.anjameulenbelt.nl\/weblog\/wp-json\/wp\/v2\/types\/post"}],"author":[{"embeddable":true,"href":"https:\/\/www.anjameulenbelt.nl\/weblog\/wp-json\/wp\/v2\/users\/2"}],"replies":[{"embeddable":true,"href":"https:\/\/www.anjameulenbelt.nl\/weblog\/wp-json\/wp\/v2\/comments?post=72868"}],"version-history":[{"count":9,"href":"https:\/\/www.anjameulenbelt.nl\/weblog\/wp-json\/wp\/v2\/posts\/72868\/revisions"}],"predecessor-version":[{"id":112347,"href":"https:\/\/www.anjameulenbelt.nl\/weblog\/wp-json\/wp\/v2\/posts\/72868\/revisions\/112347"}],"wp:attachment":[{"href":"https:\/\/www.anjameulenbelt.nl\/weblog\/wp-json\/wp\/v2\/media?parent=72868"}],"wp:term":[{"taxonomy":"category","embeddable":true,"href":"https:\/\/www.anjameulenbelt.nl\/weblog\/wp-json\/wp\/v2\/categories?post=72868"},{"taxonomy":"post_tag","embeddable":true,"href":"https:\/\/www.anjameulenbelt.nl\/weblog\/wp-json\/wp\/v2\/tags?post=72868"}],"curies":[{"name":"wp","href":"https:\/\/api.w.org\/{rel}","templated":true}]}}