{"id":80269,"date":"2012-06-07T10:01:13","date_gmt":"2012-06-07T08:01:13","guid":{"rendered":"http:\/\/www.anjameulenbelt.nl\/weblog\/2012\/06\/07\/"},"modified":"2012-07-18T12:06:24","modified_gmt":"2012-07-18T10:06:24","slug":"avraham-burg","status":"publish","type":"post","link":"https:\/\/www.anjameulenbelt.nl\/weblog\/2012\/06\/07\/avraham-burg\/","title":{"rendered":"Avraham Burg boycot mee"},"content":{"rendered":"<p><img loading=\"lazy\" decoding=\"async\" src=\"https:\/\/www.anjameulenbelt.nl\/weblog\/wp-content\/uploads\/2012\/06\/Avraham-Burg-2-of-1.jpg\" alt=\"\" title=\"Avraham Burg (2 of 1)\" width=\"500\" height=\"333\" class=\"alignright size-full wp-image-80281\" srcset=\"https:\/\/www.anjameulenbelt.nl\/weblog\/wp-content\/uploads\/2012\/06\/Avraham-Burg-2-of-1.jpg 500w, https:\/\/www.anjameulenbelt.nl\/weblog\/wp-content\/uploads\/2012\/06\/Avraham-Burg-2-of-1-300x199.jpg 300w\" sizes=\"(max-width: 500px) 100vw, 500px\" \/><br \/>\n(<em>Avraham Burg op bezoek in Nederland<\/em>)<\/p>\n<blockquote><p>&#8220;Maar de ogen van het Isra\u00eblische volk zijn blind, hun oren doof en hun leiders zwak. Juist in een absurde situatie als deze heeft een beschaafde samenleving behoefte aan terugkoppeling en ingrijpen van buitenaf. Om Isra\u00ebl duidelijk te maken dat het onmogelijk behandeld kan worden als &#8216;de enige democratie in het Midden-Oosten&#8217;, wanneer zij tegelijkertijd de laatste koloniale bezetter in de westerse wereld is.<\/p>\n<p>Het uitdragen van deze boodschappen is niet antisemitisch en niet anti-Isra\u00ebl. Integendeel: de echte vijanden van Isra\u00ebls toekomst zijn de kolonisten, de veroveraars en hun politieke bondgenoten &#8211; onder wie Benjamin Netanyahu, Isra\u00ebls premier.&#8221; <\/p><\/blockquote>\n<p><!--more--><\/p>\n<p>Krachtige taal, van Avraham Burg, voormalig voorzitter Knesset in Trouw van gisteren. <\/p>\n<p>Nu ben ik het maar gedeeltelijk met Burg eens (met wie ik eens het podium deelde tijdens de Gay Pride in Jeruzalem). Ondanks zijn krachtige afwijzing van de politiek van het huidige Isra\u00eblische regime, blijft hij geloven dat het met het zionisme &#8211; en dus met Isra\u00ebl &#8211; wel in orde gekomen zou zijn als de &#8216;groene lijn&#8217; maar gerespecteerd was, en pleit ervoor die grens tussen de bezette gebieden en Isra\u00ebl zelf te herstellen, teneinde een onafhankelijke Palestijnse staat mogelijk te maken. Behalve ruimschoots te laat en inmiddels zonder burgeroorlog niet meer realiseerbaar is dat maar een deel van het probleem. Burg wil graag op Freudiaanse wijze al het kwaad leggen bij de kolonisten, dat &#8216;duistere alter ego&#8217;, dat &#8216;fanatieke nationalisme&#8217; en doen alsof zijn merk zionisme brandschoon is, want zo ontzettend voor democratie en moderniteit. Het kwaad leggen bij de extremistische ander is een bekende manier om niet naar je eigen medeplichtigheid te hoeven kijken. Want echt, werd de staat Isra\u00ebl gesticht vanuit fundamentele waarden als democratie en gelijkheid? Vanaf het allereerste begin werd het niet-joodse deel van de bevolking van Isra\u00ebl daarvan uitgesloten. <\/p>\n<blockquote><p>&#8220;Zonder twijfel is iedereen die de grens van 1967 wil uitwissen er in wezen op uit om de fundamentele waarden waarop de staat Isra\u00ebl gesticht werd, uit te wissen: democratie, gelijkheid, de rechtsstaat, secularisme en moderniteit. Het bezetten van Palestijnse grond aan de overkant van de Groene Lijn voert in de tegenovergestelde richting: het genereert fanatieke, nationalistische, fundamentalistische en ondemocratische krachten die alle fundamenten van de Isra\u00eblische samenleving bedreigen.<\/p>\n<p>Ik heb besloten geen producten uit nederzettingen te kopen. Ik steek de Groene Lijn niet over, niet voor publieke doeleinden, noch voor familiebijeenkomsten. Alles wat aan de overkant van de Groene Lijn gebeurt, vormt het duistere alter ego van Isra\u00ebl. Daar manifesteert zich haar verborgen persoonlijkheid. Boosaardig, agressief en ondoordringbaar. Deze persoonlijkheid dreigt de overhand te krijgen op de goede en humane delen van het legitieme Isra\u00ebl. Met hulp van de internationale gemeenschap moeten we deze demonen terugduwen in hun fles en terugkeren naar de positieve waarden waarvoor de staat Isra\u00ebl is gesticht.<\/p>\n<p>Anders dan u wellicht wijs gemaakt zal worden, vormt de actie tegen het &#8216;Made in Isra\u00ebl&#8217;-etiket op producten uit Isra\u00ebls nederzettingen geen algehele boycot van Isra\u00ebl, maar een subtiel en ethisch onderscheid dat het verschil markeert tussen Isra\u00ebls imposante potentieel en haar destructieve capaciteiten.<\/p>\n<p>Als, God verhoede, de Groene Lijn permanent uitgewist zal worden, uit het bewustzijn en ook fysiek, dan zal ook Isra\u00ebl verdwijnen. De strijd voor het behoud van de Groene Lijn is de strijd voor Isra\u00ebl. Iedereen die deze lijn verdedigt, is een vriend van Isra\u00ebl en houdt de hoop levend.&#8221;<\/p>\n<\/blockquote>\n<p>(Complete artikel in Trouw <a href=\"http:\/\/www.trouw.nl\/tr\/nl\/4328\/Opinie\/article\/detail\/3266893\/2012\/06\/06\/Actie-tegen-Made-in-Israel--etiket-is-juist-in-het-belang-van-Israel.dhtml\">hier<\/a>)<\/p>\n<p>Alsof het met Isra\u00ebl allemaal wel ok\u00e9 zou zijn, met al die positieve waarden, en dat imposante potentieel, wanneer de bezetting maar zou worden opgeheven en de kolonisten zouden verdwijnen &#8211; waarheen trouwens? De kolonistenbeweging, zoals die goed gedocumenteerd in het imposante boek van Idith Zertal en Akiva Eldar is beschreven (<em>Lords of the Land<\/em>) is een logisch, zij het extreem voortvloeisel van het oorspronkelijke zionistische plan om zoveel mogelijk land te veroveren voor Isra\u00ebl met zo min mogelijk Arabieren erop. Elke regering inclusief die van Rabin, heeft het kolonistenproject niet alleen toegestaan maar ook gefinancierd en gefaciliteerd. De kolonisten, een bezettingsleger vermomd als burgers, mochten het vuile werk opknappen en werden daar ook nog goed voor beloond. Zr gingen soms te ver, maar niet \u00e9\u00e9n van de grote politieke partijen heeft voorgesteld om aan de macht van de kolonisten en de bouw van de nederzettingen een eind te maken. En dat was dus de grote meerderheid in Isra\u00ebl. <\/p>\n<p>Ik kan in het zionistische veroveringsproject, dat nationalistische kolonialisme, echt weinig positieve waarden ontdekken. Ook bij het geromantiseerde beeld van de hora dansende jongeren die een beetje socialistisch deden in de kibbutzim &#8211; ik was daar vroeger wel gevoelig voor &#8211; kunnen we niet vergeten dat de meeste kibbutzen werden gebouwd op de leeggeroofde en verwoeste Palestijnse dorpen van de Nakba. Maar als wel meer op zich kritische Isra\u00ebli&#8217;s die met bloedend hart waarnemen dat het heel erg verkeerd gaat met Isra\u00ebl, en dat het land van geen kant meer lijkt op het modelland dat Herzl eens voor ogen stond, kan Burg niet zover gaan dat hij toegeeft dat het zionisme &#8211; achteraf gezien &#8211; altijd al een slecht idee was. Ondanks het feit dat er ook vooraanstaande en intelligente mensen destijds hebben gewaarschuwd dat een joodse staat stichten in een land waar al andere mensen wonen nooit goed kon gaan. <\/p>\n<p>Desalniettemin is het interessant om een Isra\u00ebli te horen pleiten voor de boycot van producten uit de bezette gebieden. <\/p>\n","protected":false},"excerpt":{"rendered":"<p>(Avraham Burg op bezoek in Nederland) &#8220;Maar de ogen van het Isra\u00eblische volk zijn blind, hun oren doof en hun leiders zwak. Juist in een absurde situatie als deze heeft een beschaafde samenleving behoefte aan terugkoppeling en ingrijpen van buitenaf. &hellip; <a href=\"https:\/\/www.anjameulenbelt.nl\/weblog\/2012\/06\/07\/avraham-burg\/\">Lees verder <span class=\"meta-nav\">&rarr;<\/span><\/a><\/p>\n","protected":false},"author":2,"featured_media":0,"comment_status":"closed","ping_status":"closed","sticky":false,"template":"","format":"standard","meta":{"footnotes":"","_jetpack_memberships_contains_paid_content":false},"categories":[2],"tags":[239,94],"jetpack_sharing_enabled":true,"jetpack_featured_media_url":"","_links":{"self":[{"href":"https:\/\/www.anjameulenbelt.nl\/weblog\/wp-json\/wp\/v2\/posts\/80269"}],"collection":[{"href":"https:\/\/www.anjameulenbelt.nl\/weblog\/wp-json\/wp\/v2\/posts"}],"about":[{"href":"https:\/\/www.anjameulenbelt.nl\/weblog\/wp-json\/wp\/v2\/types\/post"}],"author":[{"embeddable":true,"href":"https:\/\/www.anjameulenbelt.nl\/weblog\/wp-json\/wp\/v2\/users\/2"}],"replies":[{"embeddable":true,"href":"https:\/\/www.anjameulenbelt.nl\/weblog\/wp-json\/wp\/v2\/comments?post=80269"}],"version-history":[{"count":16,"href":"https:\/\/www.anjameulenbelt.nl\/weblog\/wp-json\/wp\/v2\/posts\/80269\/revisions"}],"predecessor-version":[{"id":80272,"href":"https:\/\/www.anjameulenbelt.nl\/weblog\/wp-json\/wp\/v2\/posts\/80269\/revisions\/80272"}],"wp:attachment":[{"href":"https:\/\/www.anjameulenbelt.nl\/weblog\/wp-json\/wp\/v2\/media?parent=80269"}],"wp:term":[{"taxonomy":"category","embeddable":true,"href":"https:\/\/www.anjameulenbelt.nl\/weblog\/wp-json\/wp\/v2\/categories?post=80269"},{"taxonomy":"post_tag","embeddable":true,"href":"https:\/\/www.anjameulenbelt.nl\/weblog\/wp-json\/wp\/v2\/tags?post=80269"}],"curies":[{"name":"wp","href":"https:\/\/api.w.org\/{rel}","templated":true}]}}