{"id":8106,"date":"2008-01-11T08:40:25","date_gmt":"2008-01-11T07:40:25","guid":{"rendered":"http:\/\/www.anjameulenbelt.nl\/weblog\/2008\/01\/11\/doorbreek-de-stilte-2\/"},"modified":"2008-01-12T12:26:39","modified_gmt":"2008-01-12T11:26:39","slug":"doorbreek-de-stilte-2","status":"publish","type":"post","link":"https:\/\/www.anjameulenbelt.nl\/weblog\/2008\/01\/11\/doorbreek-de-stilte-2\/","title":{"rendered":"Doorbreek de stilte"},"content":{"rendered":"<p>Persbericht: Doorbreek de stilte<br \/>\n10 januari 2008<\/p>\n<p>Rotterdam, 11 januari 2008<\/p>\n<p>Een aantal leden van de Partij van de Arbeid roept politici, kader, leden en kiezers van de Partij van de Arbeid in een manifest op duidelijker stelling te nemen in het Isra\u00eblisch-Palestijnse conflict. Wij, de initiatiefnemers van het manifest vinden een actieve politiek nodig, die daadwerkelijk bijdraagt aan de oplossing van het conflict.<br \/>\n<!--more--><\/p>\n<p>Wij zijn ongerust over het ontbreken van een duidelijke en actieve stellingname van de Partij van de Arbeid in het uitzichtloze en explosieve Palestijns-Isra\u00eblische conflict. Daarom presenteren wij het manifest \u2018Doorbreek de Stilte\u2019 op 11 januari aanstaande om 13.00 uur in caf\u00e9 Staal (Beurs) in Rotterdam. Partijleden worden opgeroepen het manifest te ondertekenen. Dat kan via onze site: www.recht-in-het-midden-oosten.pvda.nl\/ of via e-mail: recht-in-het-midden-oosten@pvda.nl  <\/p>\n<p>De initiatiefnemers zijn van mening dat er binnen de Partij voor de Arbeid wel mooie standpunten en uitspraken zijn, maar dat het ontbreekt aan enigerlei actie om een oplossing van het conflict naderbij te brengen. Een conflict dat niet alleen een funeste invloed heeft op beide direct betrokken volken, maar dat ook de oplossing van andere conflicten in de wereld in de weg staat. <\/p>\n<p>Ook nu de Partij van de Arbeid regeringsverantwoordelijkheid draagt, blijven mogelijkheden onbenut om bij te dragen aan de oplossing van dit wereldprobleem, terwijl in het afgelopen jaar de situatie in het Midden-Oosten weer dramatisch is verslechterd. Een verslechtering die het gevolg is van de politiek van Isra\u00ebl en zijn bondgenoten, inclusief de Europese Unie. De humanitaire en economische situatie op de Westbank en vooral in Gaza is desastreus.<\/p>\n<p>De initiatiefnemers roepen in het manifest allen in de partij op te kiezen voor het recht van beide volken op een vreedzaam, veilig en volwaardig bestaan binnen een eigen staat. Dit recht kan alleen worden uitgeoefend als Isra\u00ebl een einde maakt aan de bezetting van Palestijns gebied en er een rechtvaardige oplossing komt voor het vluchtelingenvraagstuk.  <\/p>\n<p>Oorzaak en gevolg dienen van elkaar te worden onderscheiden: de onveiligheid van Isra\u00ebl is het resultaat van de bezettings- en annexatiepolitiek van Isra\u00ebl van de afgelopen tientallen jaren en niet andersom.<\/p>\n<p>De partij zal daarom langs alle beschikbare wegen actief moeten bijdragen Isra\u00ebl ertoe te dwingen deze politiek, die op de duur ook existenti\u00eble risico\u2019s voor Isra\u00ebl oplevert, te verlaten. Tal van betrekkingen tussen Isra\u00ebl en Nederland bieden de mogelijkheid druk uit te oefenen en Isra\u00ebl te houden aan de regels van het internationale recht. Ook Europa kan met een actieve steun van de sociaal-democraten een belangrijke rol spelen in het ombuigen van de neerwaartse spiraal. Niet voor niets zien de vredeskrachten in Isra\u00ebl in Europa een laatste strohalm om het tij te keren. <\/p>\n<p>Wij willen voor het manifest binnen de partij brede ondersteuning verwerven. Daarmee willen wij politici en kader van de partij aanspreken op het doen van concrete stappen die een eind maken aan het Nederlandse gedoogbeleid ten aanzien van Isra\u00ebl als het gaat om zijn politiek van bezetting en annexatie en het negeren van het internationale recht. De sleutel van de oplossing van de oplossing ligt bij Isra\u00ebl, de sterkste partij en bij zijn bondgenoten, die tot nu toe slechts eisen stellen aan de onderliggende partij, de Palestijnen.<\/p>\n<p>Het gaat niet om \u201cvoor of tegen Isra\u00ebl\u201d, het gaat om het naleven van het internationale recht en de fundamentele regels van onze wereldorde. Juist een partij als de onze moet daar pal voor staan, ook als het om Isra\u00ebl gaat.<\/p>\n<p>Namens de initiatiefnemers<\/p>\n<p>Bert Cremers<br \/>\nMax Wieselmann<br \/>\ne-mail: recht-in-het-midden-oosten@pvda.nl<\/p>\n<p><a href=\"http:\/\/recht-in-het-midden-oosten-pvda.nl\/\" rel=\"nofollow\">http:\/\/recht-in-het-midden-oosten-pvda.nl\/<\/a>.<\/p>\n","protected":false},"excerpt":{"rendered":"<p>Persbericht: Doorbreek de stilte 10 januari 2008 Rotterdam, 11 januari 2008 Een aantal leden van de Partij van de Arbeid roept politici, kader, leden en kiezers van de Partij van de Arbeid in een manifest op duidelijker stelling te nemen &hellip; <a href=\"https:\/\/www.anjameulenbelt.nl\/weblog\/2008\/01\/11\/doorbreek-de-stilte-2\/\">Lees verder <span class=\"meta-nav\">&rarr;<\/span><\/a><\/p>\n","protected":false},"author":2,"featured_media":0,"comment_status":"open","ping_status":"open","sticky":false,"template":"","format":"standard","meta":{"footnotes":"","_jetpack_memberships_contains_paid_content":false},"categories":[1,2],"tags":[],"jetpack_sharing_enabled":true,"jetpack_featured_media_url":"","_links":{"self":[{"href":"https:\/\/www.anjameulenbelt.nl\/weblog\/wp-json\/wp\/v2\/posts\/8106"}],"collection":[{"href":"https:\/\/www.anjameulenbelt.nl\/weblog\/wp-json\/wp\/v2\/posts"}],"about":[{"href":"https:\/\/www.anjameulenbelt.nl\/weblog\/wp-json\/wp\/v2\/types\/post"}],"author":[{"embeddable":true,"href":"https:\/\/www.anjameulenbelt.nl\/weblog\/wp-json\/wp\/v2\/users\/2"}],"replies":[{"embeddable":true,"href":"https:\/\/www.anjameulenbelt.nl\/weblog\/wp-json\/wp\/v2\/comments?post=8106"}],"version-history":[{"count":0,"href":"https:\/\/www.anjameulenbelt.nl\/weblog\/wp-json\/wp\/v2\/posts\/8106\/revisions"}],"wp:attachment":[{"href":"https:\/\/www.anjameulenbelt.nl\/weblog\/wp-json\/wp\/v2\/media?parent=8106"}],"wp:term":[{"taxonomy":"category","embeddable":true,"href":"https:\/\/www.anjameulenbelt.nl\/weblog\/wp-json\/wp\/v2\/categories?post=8106"},{"taxonomy":"post_tag","embeddable":true,"href":"https:\/\/www.anjameulenbelt.nl\/weblog\/wp-json\/wp\/v2\/tags?post=8106"}],"curies":[{"name":"wp","href":"https:\/\/api.w.org\/{rel}","templated":true}]}}