{"id":8787,"date":"2008-03-30T10:10:51","date_gmt":"2008-03-30T09:10:51","guid":{"rendered":"http:\/\/www.anjameulenbelt.nl\/weblog\/2008\/03\/30\/deze-film-is-fitna\/"},"modified":"2008-03-30T13:36:31","modified_gmt":"2008-03-30T12:36:31","slug":"deze-film-is-fitna","status":"publish","type":"post","link":"https:\/\/www.anjameulenbelt.nl\/weblog\/2008\/03\/30\/deze-film-is-fitna\/","title":{"rendered":"Deze film is fitna"},"content":{"rendered":"<p>Ik deelde met veel mensen die ik ken, moslims en niet-moslims, diezelfde reactie: nou, dat hebben we weer gehad. Vreselijke beelden die wel al kennen, en die door moslims net zo afschuwelijk wordt gevonden, en citaten uit de koran, zoals je verwachten kunt alleen de negatieve, uit de context gehaald, en ook nog slecht vertaald. De boodschap was al voor de film al bekend: islam is slecht en gewelddadig, islam is een bedreiging voor ons land, en een &#8216;gematigde&#8217; islam bestaat niet.<br \/>\n<!--more--><br \/>\nFitna bleef net binnen de grenzen van de wet, en, zoals Umar Mirza van <em>Wij Blijven Hier<\/em> zei  (<a href=\"http:\/\/www.wijblijvenhier.nl\/index.php?\/archives\/1514-Fitna-belediging-voor-vrijheid-van-meningsuiting.html\">hier<\/a>): het waren vooral de mensen die in het telefoonboek stonden en er uit werden gescheurd die werden beledigd, zoals Abdulwahid van Bommel ook al eens opkwam voor de beledigde lezers van de Donald Duck (<a href=\"https:\/\/www.anjameulenbelt.nl\/weblog\/2008\/02\/01\/niet-de-donald-duck-beledigen\/\">hier<\/a>). <\/p>\n<p><a href='https:\/\/www.anjameulenbelt.nl\/weblog\/wp-content\/uploads\/2008\/01\/080130mashriq-008.jpg' title='080130mashriq-008.jpg'><img src='https:\/\/www.anjameulenbelt.nl\/weblog\/wp-content\/uploads\/2008\/01\/080130mashriq-008.jpg' alt='080130mashriq-008.jpg' \/><\/a><br \/>\n(Umar Mirza)<\/p>\n<p>En Harry van Bommel zei het ook: niet nodig om op deze film te reageren. Zie <a href=\"http:\/\/harryvanbommel.sp.nl\/weblog\/2008\/03\/28\/de-winst-van-fitna\/\">hier<\/a>.<\/p>\n<p>Toch, er blijft iets hangen van verontrusting, van onbehagen. Dat had Umar Mirza ook, en hij verwoordt het goed:<\/p>\n<blockquote><p>Maar in Fitna wordt er niets anders gedaan dan de Islam en alle volgelingen direct te associ\u00ebren met terrorisme en de mogelijke ondergang van de Westerse beschaving. W*lders heeft aangetoond de grootste importeur van angstbeelden te zijn, gelukkig weten wij in Nederland wel beter. Het zijn de bekende beelden waar moslims in Nederland ook van walgen, dat mag duidelijk zijn.<\/p>\n<p>Triest. Door en door triest. Het is niet triest dat dit soort uitingen worden gedaan, maar dat het proces van gewenning in een vergevorderd stadium is.<\/p>\n<p>De oproep op het einde is veelzeggend: &#8220;Stop de Islamisering, verdedig onze vrijheid&#8221;. Blijkbaar valt de Islam niet onder die vrijheid, terwijl er genoeg moslims zijn die het liefst nu opstaan om tegen W*lders en v\u00f3\u00f3r de vrijheden van dit land te vechten, tegen discriminatie en v\u00f3\u00f3r de vrijheid van meningsuiting. Het is hoopgevend om te zien hoe het kabinet een duidelijk standpunt heeft ingenomen tegen de film en ik kan zeggen dat dit het vertrouwen van moslims in de Nederlandse overheid veel goeds heeft gedaan.<\/p>\n<p>Fitna = Fitna<\/p>\n<p>Het woord &#8216;fitna&#8217; staat voor chaos, anarchie, verdeeldheid, etc&#8230; En met deze film waarschuwt W*lders niet voor Fitna, maar is hij hier juist zelf de veroorzaker van. Deze film is fitna.<\/p>\n<p>Deze film is geen belediging voor moslims, maar een belediging voor de vrijheid die W*lders beweert te verdedigen, een belediging voor de vrijheid van meningsuiting, een belediging voor alles waar een beschaving voor zou moeten staan&#8230;<\/p><\/blockquote>\n<p>Dit is dus het punt dat ik deel. We vinden het al bijna gewoon, dat er zo wordt ge-ageerd tegen moslims in Nederland. Het probleem is niet eens zozeer wat moslims er van vinden, want die zijn wijs en laten zich niet provoceren. Het probleem is dat er zoveel mensen zijn die vinden dat dit maar moet kunnen, of erger, die echt zijn gaan geloven dat de islam een bedreiging vormt voor Nederland. Kijk even naar de peiling bij Maurice de Hond, <a href=\"https:\/\/n32.noties.nl\/peil.nl\/\">hier<\/a>, 43% van de Nederlandse bevolking ziet de islam op den duur als een serieuze bedreiging voor Nederland (hoewel dat percentage al halveert als de vraag wordt gesteld of mensen zich persoonlijk bedreigt voelen). <\/p>\n<p>Dus dit is de vraag, niet wat doen we met die man? Niks. Zolang hij net binnen de grenzen van de wet blijft kun je hem nergens op pakken, en laat hij in debatten en in het parlement maar komen vertellen wat zijn oplossingen zijn &#8211; want dan is hij nergens. Het probleem zijn al die Nederlanders die zich bang hebben laten maken door een spook. Het zijn er te veel. En al die fantastische initiatieven van de laatste jaren, de iftarmaaltijden, de discussies, al die moslims die in alle redelijkheid nog begrip willen opbrengen voor verontruste autochtonen zoals Dibi onlangs (<a href=\"https:\/\/www.anjameulenbelt.nl\/weblog\/2008\/03\/26\/twee-vrije-moslims\/\">hier<\/a>), het is kennelijk allemaal nog niet voldoende tegenwicht tegen de bangmakerij. Wat doen we daar aan? Dat gaat de vraag worden voor de nabije toekomst. Wat doen we tegen de fitna? Niet de film, maar de verdeeldheid. Die fitna. Wat kunnen we doen?<\/p>\n","protected":false},"excerpt":{"rendered":"<p>Ik deelde met veel mensen die ik ken, moslims en niet-moslims, diezelfde reactie: nou, dat hebben we weer gehad. Vreselijke beelden die wel al kennen, en die door moslims net zo afschuwelijk wordt gevonden, en citaten uit de koran, zoals &hellip; <a href=\"https:\/\/www.anjameulenbelt.nl\/weblog\/2008\/03\/30\/deze-film-is-fitna\/\">Lees verder <span class=\"meta-nav\">&rarr;<\/span><\/a><\/p>\n","protected":false},"author":2,"featured_media":0,"comment_status":"open","ping_status":"open","sticky":false,"template":"","format":"standard","meta":{"footnotes":"","_jetpack_memberships_contains_paid_content":false},"categories":[1,6],"tags":[],"jetpack_sharing_enabled":true,"jetpack_featured_media_url":"","_links":{"self":[{"href":"https:\/\/www.anjameulenbelt.nl\/weblog\/wp-json\/wp\/v2\/posts\/8787"}],"collection":[{"href":"https:\/\/www.anjameulenbelt.nl\/weblog\/wp-json\/wp\/v2\/posts"}],"about":[{"href":"https:\/\/www.anjameulenbelt.nl\/weblog\/wp-json\/wp\/v2\/types\/post"}],"author":[{"embeddable":true,"href":"https:\/\/www.anjameulenbelt.nl\/weblog\/wp-json\/wp\/v2\/users\/2"}],"replies":[{"embeddable":true,"href":"https:\/\/www.anjameulenbelt.nl\/weblog\/wp-json\/wp\/v2\/comments?post=8787"}],"version-history":[{"count":0,"href":"https:\/\/www.anjameulenbelt.nl\/weblog\/wp-json\/wp\/v2\/posts\/8787\/revisions"}],"wp:attachment":[{"href":"https:\/\/www.anjameulenbelt.nl\/weblog\/wp-json\/wp\/v2\/media?parent=8787"}],"wp:term":[{"taxonomy":"category","embeddable":true,"href":"https:\/\/www.anjameulenbelt.nl\/weblog\/wp-json\/wp\/v2\/categories?post=8787"},{"taxonomy":"post_tag","embeddable":true,"href":"https:\/\/www.anjameulenbelt.nl\/weblog\/wp-json\/wp\/v2\/tags?post=8787"}],"curies":[{"name":"wp","href":"https:\/\/api.w.org\/{rel}","templated":true}]}}