{"id":9142,"date":"2008-04-28T09:15:46","date_gmt":"2008-04-28T07:15:46","guid":{"rendered":"http:\/\/www.anjameulenbelt.nl\/weblog\/2008\/04\/28\/het-ene-racisme-is-het-andere-niet-2\/"},"modified":"2011-07-25T13:05:10","modified_gmt":"2011-07-25T11:05:10","slug":"het-ene-racisme-is-het-andere-niet-2","status":"publish","type":"post","link":"https:\/\/www.anjameulenbelt.nl\/weblog\/2008\/04\/28\/het-ene-racisme-is-het-andere-niet-2\/","title":{"rendered":"Het ene racisme is het andere niet (2)"},"content":{"rendered":"<p>Op dit weblog verscheen een artikel van Anne-Ruth Wertheim, dat ook geplaatst werd in Trouw. <em>Het ene racisme is het andere niet<\/em>. <a href=\"https:\/\/www.anjameulenbelt.nl\/weblog\/2008\/03\/19\/het-ene-racisme-is-het-andere-niet\/\">Hier<\/a>. Veel reacties natuurlijk, niet alleen hier, maar vooral ook in Trouw, die wat minder selectief is dan ik in wat er geplaatst wordt. Anne-Ruth geeft hierbij antwoorden op de opmerkingen en vragen die gesteld zijn.<br \/>\n<!--more--><br \/>\nTe gast: Anne-Ruth Wertheim:<br \/>\nOp 19 maart 2008 schreef ik in Trouw een stuk over het nieuwe racisme:<br \/>\n\u2018Het ene racisme is het andere niet\u2019<br \/>\nIn Nederland groeit geleidelijk een nieuw racisme. Niet het klassieke van neerzien op anderen, maar een cultureel racisme van wantrouwen en angst.\u00a0 <\/p>\n<p>Hierop kreeg ik, op de website van Trouw zelf, in persoonlijke mails en op allerlei weblogs veel, vaak heftige reacties. Een deel van de mensen maakte zich met mij zorgen dat de ontwikkelingen van dit moment kunnen uitlopen op geweld. Door het onderscheid tussen die twee soorten racisme en de bijbehorende mechanismen, voelden zij zich gesteund in hun pogingen de ontwikkelingen om te buigen in een vreedzame richting. Een ander deel reageerde verontwaardigd. Maar alles bij elkaar maakte duidelijk dat zo\u2019n krantenartikel van 900 woorden over zo\u2019n ingewikkelde problematiek, ook misverstanden oproept. Daarom maak ik graag gebruik van de gastvrijheid van Anja Meulenbelt om op haar Weblog mijn analyses nader toe te lichten.   <\/p>\n<p><em>In je artikel viel je Harry de Winter bij, die islamofobie vergelijkt met de Holocaust. Dat is toch grote onzin!<\/em><br \/>\nHarry de Winter vergelijkt islamofobie met hoe &#8211; in de jaren dertig van de vorige eeuw &#8211; de geesten rijp gemaakt werden voor de Holocaust. Hoe aanzienlijke percentages van de Europese bevolkingen zich lieten aanpraten dat de maatschappelijke problemen van toen het gevolg waren van de aanwezigheid van hun joodse landgenoten. Ik vind die vergelijking terecht en zal dat in dit stuk verder illustreren.<\/p>\n<p><em>Racisme gaat over rassen en heeft niets met cultuur te maken! <\/em><br \/>\nUitbuitingsracisme is inderdaad gericht tegen volken of etnische groepen, bijvoorbeeld de oorspronkelijke bewoners van de koloni\u00ebn en de zwarten in Zuid-Afrika. Cultureel racisme is een heel ander verhaal. Dat was gericht tegen handelsminderheden, de Chinezen in Indonesi\u00eb en de Indi\u00ebrs en Pakistani in Oeganda. Ook het Europese antisemitisme kun je zien als een cultureel racisme.<br \/>\nVooroordelen worden altijd geuit voordat er kennis is gemaakt en gelden voor hele groepen tegelijk. In onze maatschappij wordt hoog opgegeven van het individu en individuele vrijheid. Maar degenen die racistische vooroordelen te verduren krijgen worden tegemoet getreden als leden van \u2018\u2019een groep\u2019\u2019 en in \u00e9\u00e9n moeite door aansprakelijk gesteld voor al het doen en laten van \u2018\u2019hun groepsgenoten\u2019\u2019. Afhankelijk van het soort sociaal\/economische problemen en de gevoelens die spelen, kunnen de vooroordelen vari\u00ebren van helemaal ras\/etnisch tot helemaal cultureel, met alles daar tussenin. En vaak komen beide soorten vooroordelen naast elkaar voor, als mengsels.  <\/p>\n<p><em>Kritiek op de islam heeft niets met racisme te maken!<\/em><br \/>\nHet gaat niet om kritiek op welke religie dan ook, die moet inderdaad gewoon geleverd kunnen worden. Het gaat erom dat mensen vanwege hun geloof worden bestempeld, afgezonderd, gediscrimineerd en uiteindelijk misschien zelfs met geweld verdreven.<\/p>\n<p><em>Moslims en niet-westerse immigranten zijn zelf ook racistisch, dus waar klagen ze over?<\/em><br \/>\nRacisme komt inderdaad overal voor en moet overal worden geanalyseerd en bestreden. Kwaad met kwaad vergelden is geen oplossing.<\/p>\n<p><em>Waar slaat dat nou op, soorten racisme?<\/em><br \/>\nMet dat onderscheid kun je de mechanismen verhelderen die op dit moment werkzaam zijn in onze maatschappij. Ik vind het belangrijk dat meer mensen die doorzien.<br \/>\nBij het uitbuitingsracisme profiteren weinig mensen van de werkkracht van veel mensen. Ze laten hen zwaar, smerig en vaak ook nog gevaarlijk werk doen onder beroerde omstandigheden en tegen karige beloning. Om niet te hoeven toegeven dat dit uitbuiting is, verspreiden ze het vooroordeel dat deze mensen zo dom en onderdanig zijn dat ze zelf niet anders willen.<br \/>\nBij cultureel racisme speelt concurrentie tussen groepen een belangrijke, maar niet de enige rol. Al eeuwenlang en in de meest uiteenlopende gebieden had je economische concurrentie tussen gevestigde bevolkingen en handelsminderheden, die daar zelf trouwens ook al eeuwen woonden. De gevestigde bevolking was jaloers op hun vernuft en uithoudingsvermogen en zocht naar middelen hen als concurrenten kwijt te raken of minstens te verzwakken. Men begon hun \u2018\u2019afwijkende\u2019\u2019 cultuur verdacht te maken, inclusief hun religie, vertelde rond hoe sluw ze wel niet waren en hoe gevaarlijk, want dat ze uit waren op \u2018\u2019de totale overheersing\u2019\u2019. Tenslotte ging men daar zelf in geloven en periodiek liep die angst zo hoog op dat er massaal geweld uitbrak tegen de minderheden, pogroms genaamd. Ook in het antisemitisme dat in Europa heerste, was concurrentie een factor naast andere, zoals de door christenen geuite beschuldiging dat de joden Jezus hadden vermoord. <\/p>\n<p><em>Je schreef dat vooroordelen dienen om dingen goed te praten?<\/em><br \/>\nMet vooroordelen kunnen onderliggende gevoelens worden gemaskeerd of gerechtvaardigd. Dat was duidelijk bij het uitbuitingsracisme in de koloni\u00ebn en ook bij het concurrentieracisme tegen de handelsminderheden. Kolonialen die zich ongemakkelijk voelden bij hun rol van uitbuiter, geloofden maar al te graag dat de uitgebuite mensen het zo wel best vonden omdat ze nu eenmaal dom, lui en kinderlijk geboren waren. Bijkomend voordeel was dat ze zich boven hen verheven konden voelen. Degenen die last hadden van de successen van de handelminderheden, konden natuurlijk niet aankomen met dom en lui. Zij grepen naar eigenschappen die mensen ontwikkelen na hun geboorte, hun cultuur. Voor hen was het een uitkomst te kunnen geloven dat de handelslieden zich afwijkend, onbetrouwbaar en angstaanjagend gedroegen en het dus aan zichzelf te wijten hadden dat ze het veld moesten ruimen.<\/p>\n<p><em>Wat er over moslims gezegd wordt is geen dekmantel, het is gewoon waar.  <\/em><br \/>\nOok bij het culturele racisme dat hier in Nederland in opkomst is, kun je je afvragen of en in hoeverre achter de vooroordelen over moslims (en eigenlijk over alle niet-westerse immigranten) andere gevoelens schuilgaan. Onze maatschappij is doordrenkt van concurrentie om geld en goederen, en ook om eer en roem. Dat gaat gepaard met allerlei gevoelens die mensen niet horen te hebben, zoals ons van jongs af aan wordt ingeprent. Je mag niet openlijk jaloers zijn op mensen die omhoog klimmen, je moet tegen je verlies kunnen, je moet een ander ook wat gunnen, enzovoort. Het is dus te begrijpen dat mensen hun sociaal\/economische motieven liever voor zich houden. Bijvoorbeeld dat ze ertegen opzien met immigranten te moeten concurreren, jaloers worden als die successen behalen of er moeite mee hebben de openbare ruimte met hen te moeten delen. Het is veel comfortabeler te geloven dat de hele groep eenvoudig niet meetelt, zichzelf buitenspel zet door \u2018\u2019gevaarlijk\u2019\u2019 te zijn. Het zou ook niet voor het eerst in de geschiedenis zijn dat het geloof in zo\u2019n gemeenschappelijke vijand voorziet in een behoefte aan eensgezindheid, met name in economisch onzekere tijden zoals we nu doormaken: privatisering, globalisering, marktwerking \u2026 <\/p>\n<p><em>Bedoel je soms \u2018\u2019onderbuikgevoelens\u2019\u2019?<\/em><br \/>\nNee, want die term verklaart niets, lost niets op en heeft bovendien iets neerbuigends in zich.<br \/>\nIk probeer te analyseren hoe mensen ertoe komen in culturele vooroordelen te geloven.<\/p>\n<p><em>Je schreef dat het culturele racisme in Nederland terrein wint. Maar het is toch ondenkbaar dat hier concurrentie een rol speelt? Daarvoor zijn de achterstanden en problemen van de immigranten toch veel te groot?!<\/em><br \/>\nIn Nederland zag je in de afgelopen tientallen jaren een verschuiving optreden van het neerzien op de eerste Turkse en Marokkaanse arbeidsmigranten naar steeds meer wantrouwen en angst ten aanzien van de moslims (en eigenlijk alle niet-westerse immigranten), hun kinderen en kleinkinderen. Op dit moment zie je een mengsel van vooroordelen, nog resten van het oude, vertrouwde neerzien naast angst en argwaan. Ik denk inderdaad dat deze verschuiving minstens voor een deel te verklaren is uit het toegenomen vermogen van de immigranten en hun (klein)kinderen om te concurreren en zich dus zal voortzetten. Hun emancipatie is in volle gang en ze zijn bezig in alle sectoren van de maatschappij, ook onder de hoger opgeleiden, hun zelfverdiende plaatsen in te nemen. Dat wordt door iedereen waargenomen en gevoeld, ook al blijven de meeste media halsstarrig inzoomen op hun achterstanden en problemen, die er natuurlijk \u00f3\u00f3k zijn.<\/p>\n<p><img src='https:\/\/www.anjameulenbelt.nl\/weblog\/wp-content\/uploads\/images\/17sept05071.jpg' alt='' \/> <\/p>\n<p><em>Aangeboren of aangeleerd, wat maakt dat nou uit?<\/em><br \/>\nDegenen die te lijden hebben van het uitbuitingsracisme en \u2018\u2019het niet kunnen helpen dat ze zo zijn\u2019\u2019, kunnen juist daarom soms rekenen op een beetje meegevoel &#8211; ook al is het natuurlijk niet prettig om dat te krijgen van degenen die op je neerzien. Maar de mensen tegen wie het culturele racisme gericht is \u2018\u2019kunnen er alles aan doen dat ze zo zijn\u2019\u2019. Tijdens hun leven hebben ze in hun diepste wezen, hun identiteit, verderfelijke denkbeelden en gewoonten verinnerlijkt. Ze krijgen de keuze: of zich daarvan ontdoen en hun zelfrespect verliezen, of zich laten uitstoten. Dat maakt dit racisme zo mogelijk nog meedogenlozer dan het uitbuitingsracisme.<\/p>\n<p><em>Ze moeten gewoon integreren! <\/em><br \/>\nMensen op straffe van uitstoting dwingen hun identiteit op te geven, is geen integreren. Overal op de wereld integreren immigranten in de samenlevingen waarin ze terechtkomen, soms al na \u00e9\u00e9n generatie, soms na twee of drie, in eindeloos veel variaties. De joodse Europeanen waren volkomen ge\u00efntegreerd, vaak zelfs geassimileerd en dat heeft hen niet behoed voor pogingen tot uitroeiing. <\/p>\n<p><em>Wat heeft groepsvorming met geweld te maken?<\/em><br \/>\nIn beide soorten racisme zijn de vooroordelen gericht tegen een groep. Maar voor de uitbuiters maakt het niet zoveel uit of die groep scherp omlijnd is, hoe meer mensen zich voor hen uitsloven hoe beter. Bij het culturele racisme zie je hoe er stap voor stap scherper wordt afgebakend tot er een herkenbare groep is geconstrueerd die in zijn geheel kan worden uitgeschakeld. De handelsminderheden waren herkenbaar aan hun uiterlijk en naam en de joodse Europeanen, bij wie dat lastiger was, werden getekend met een gele ster. Dit afbakenen maakt het mogelijk de groep tot zondebok te maken, sinds jaar en dag een beproefd middel om spanningen binnen een samenleving een uitweg te bieden. En een duidelijk omschreven groep kan er makkelijker van beschuldigd worden onderhevig te zijn aan verre machten, zoals ik in mijn artikel heb beschreven.<br \/>\nEen belangrijk verschil is tenslotte het karakter van het geweld, als het daar uiteindelijk toe komt. Bij uitbuitingsracisme richt het geweld zich in het openbaar tegen enkelingen, om alle anderen ervan te doordringen dat verzet zinloos is. Bij het culturele racisme is het geweld massaal, want bedoeld om alle leden van de gevaarlijk geachte groep lijfelijk uit te schakelen, te doden of te verdrijven.<\/p>\n<p><em><br \/>\nJe schreef dat het culturele racisme \u2019vergoelijkend\u2019 islamofobie wordt genoemd !? <\/em><br \/>\nIslamofobie duidt alleen de angst aan voor de islam en hoewel \u2018\u2019fobie\u2019\u2019 natuurlijk letterlijk een overdreven, ziekelijke en belachelijke angst betekent, is de lading van deze term in een paar jaar tijd &#8211; juist onder invloed van de aangewakkerde angst &#8211; zodanig afgezwakt dat de mensen het zijn gaan gebruiken als \u2018\u2019terechte angst voor de islam\u2019\u2019, waarvoor ze zich nauwelijks nog lijken te generen. Ik wil juist dat de mensen de ernst van de situatie inzien. Dat het onophoudelijk angst en tweedracht zaaien in een bevolking uiteindelijk kan leiden tot massaal geweld. Het is na\u00efef en aanmatigend te denken dat zulk geweld alleen kan uitbreken in verre landen en dat wij in het Westen daar te fatsoenlijk voor zijn. Onze geschiedenis leert trouwens wel anders. Het is ook kortzichtig en misleidend om te doen alsof islamofobie iets heel anders is dan racisme, omdat het zich zou richten tegen een religie en niet tegen een \u2018\u2019ras\u2019\u2019 &#8211; wat dat ook moge zijn. Zoals ik heb laten zien, heeft het culturele racisme dat in Nederland in opkomst is en vergoelijkend islamofobie genoemd wordt, heel wat kenmerken gemeen met het concurrentieracisme tegen handelsminderheden en met het antisemitisme. Waar het in racisme om gaat is dat een bevolkingsgroep wordt afgezonderd, beladen met vooroordelen over eigenschappen die ofwel aangeboren zijn ofwel aangeleerd, en vervolgens behandeld alsof dat allemaal waar is.   <\/p>\n<p><em>Waarom spreek je niet van &#8216;discriminatie&#8217;, dat klinkt minder erg<\/em>.<br \/>\nDiscriminatie kan deel uitmaken van racisme en doet dat ook heel vaak, maar is niet altijd aantoonbaar. Degenen die achterstellen of buitensluiten kunnen zich erachter verschuilen dat hun keuzes niets met ras of religie te maken hebben, dat daar hele andere redenen voor zijn. Het begrip racisme omvat behalve discriminatie, ook de vooroordelen en ook het mogelijke geweld.<\/p>\n<p><em>Denk je niet dat je mensen kopschuw maakt als je ze van racisme beschuldigt? <\/em><br \/>\nIk beschuldig niet, ik analyseer en laat zien wat er kan gebeuren. En ik vertrouw erop dat het helpt als meer mensen de mechanismen doorzien. Ik vind wel dat mensen die angst voor een bevolkingsgroep zaaien en aanwakkeren, een zware verantwoordelijkheid op zich laden. Ze vallen aan en zijn dus de aanvallers. Maar door de aangevallenen te etiketteren als angstaanjagend, bereiken ze een uiterst voordelige beeldomkering. In \u00e9\u00e9n klap toveren ze zichzelf zo om van aanvallers in aangevallenen. Ze stellen zich op als de slachtoffers van hun zelfgemaakte gevaar en proberen daarin iedereen mee te slepen. Bovendien roepen ze steeds dat de moslims maar tegen een stootje moeten kunnen en zich niet moeten opstellen als slachtoffers. Dan moeten zijzelf ook bereid zijn onder ogen te zien waarmee ze bezig zijn. <\/p>\n<p><em>Maar vind je het extremistische moslimgeweld dan niet gevaarlijk?<\/em><br \/>\nNatuurlijk vind ik dat gevaarlijk en natuurlijk moet dat worden bestreden. Maar niet door in het wilde weg mensen aansprakelijk te stellen omdat ze hetzelfde geloof belijden. Als in de media tegenwoordig de geweldsvraag gesteld wordt, schakelt men automatisch over op het extremistische moslimgeweld. Ik vind dat het daarnaast \u00f3\u00f3k moet gaan over de mogelijkheid dat er binnen onze bevolking geweld uitbreekt tegen de moslims en alle andere herkenbare niet-westerse immigranten. Angst binnen een bevolking is een onvoorstelbaar krachtige drijfveer achter het uitbreken van geweld. De media zouden er beter aan doen die mechanismen bloot te leggen.  <\/p>\n<p>Tot zover Anne-Ruth Wertheim.<br \/>\nEn dan tot slot een opmerking van uw gastvrouw annex weblogger: uiteraard is er de mogelijkheid te reageren, in discussie te gaan, te vragen om verheldering. Maar we beginnen niet weer helemaal opnieuw. Dus wat niet hoeft: opnieuw dezelfde opmerkingen maken die Wertheim hier al heeft beantwoord. Hou het serieus, hou je aan het onderwerp, ga werkelijk een gesprek aan, luister naar wat ze te zeggen heeft. <\/p>\n","protected":false},"excerpt":{"rendered":"<p>Op dit weblog verscheen een artikel van Anne-Ruth Wertheim, dat ook geplaatst werd in Trouw. Het ene racisme is het andere niet. Hier. Veel reacties natuurlijk, niet alleen hier, maar vooral ook in Trouw, die wat minder selectief is dan &hellip; <a href=\"https:\/\/www.anjameulenbelt.nl\/weblog\/2008\/04\/28\/het-ene-racisme-is-het-andere-niet-2\/\">Lees verder <span class=\"meta-nav\">&rarr;<\/span><\/a><\/p>\n","protected":false},"author":2,"featured_media":0,"comment_status":"open","ping_status":"open","sticky":false,"template":"","format":"standard","meta":{"footnotes":"","_jetpack_memberships_contains_paid_content":false},"categories":[6,14],"tags":[76,79],"jetpack_sharing_enabled":true,"jetpack_featured_media_url":"","_links":{"self":[{"href":"https:\/\/www.anjameulenbelt.nl\/weblog\/wp-json\/wp\/v2\/posts\/9142"}],"collection":[{"href":"https:\/\/www.anjameulenbelt.nl\/weblog\/wp-json\/wp\/v2\/posts"}],"about":[{"href":"https:\/\/www.anjameulenbelt.nl\/weblog\/wp-json\/wp\/v2\/types\/post"}],"author":[{"embeddable":true,"href":"https:\/\/www.anjameulenbelt.nl\/weblog\/wp-json\/wp\/v2\/users\/2"}],"replies":[{"embeddable":true,"href":"https:\/\/www.anjameulenbelt.nl\/weblog\/wp-json\/wp\/v2\/comments?post=9142"}],"version-history":[{"count":2,"href":"https:\/\/www.anjameulenbelt.nl\/weblog\/wp-json\/wp\/v2\/posts\/9142\/revisions"}],"predecessor-version":[{"id":52210,"href":"https:\/\/www.anjameulenbelt.nl\/weblog\/wp-json\/wp\/v2\/posts\/9142\/revisions\/52210"}],"wp:attachment":[{"href":"https:\/\/www.anjameulenbelt.nl\/weblog\/wp-json\/wp\/v2\/media?parent=9142"}],"wp:term":[{"taxonomy":"category","embeddable":true,"href":"https:\/\/www.anjameulenbelt.nl\/weblog\/wp-json\/wp\/v2\/categories?post=9142"},{"taxonomy":"post_tag","embeddable":true,"href":"https:\/\/www.anjameulenbelt.nl\/weblog\/wp-json\/wp\/v2\/tags?post=9142"}],"curies":[{"name":"wp","href":"https:\/\/api.w.org\/{rel}","templated":true}]}}