{"id":938,"date":"2005-05-05T18:54:40","date_gmt":"2005-05-05T16:54:40","guid":{"rendered":"http:\/\/www.anjameulenbelt.nl\/weblog\/2005\/05\/05\/vrouwen-in-het-zwart\/"},"modified":"2011-08-06T15:33:17","modified_gmt":"2011-08-06T13:33:17","slug":"vrouwen-in-het-zwart","status":"publish","type":"post","link":"https:\/\/www.anjameulenbelt.nl\/weblog\/2005\/05\/05\/vrouwen-in-het-zwart\/","title":{"rendered":"Vrouwen in het zwart"},"content":{"rendered":"<p>Te gast:<br \/>\nOPROEP VAN VROUWEN IN HET ZWART<br \/>\nhouden een wake op vrijdag 6  mei 2005<\/p>\n<p>vanaf 12.45 uur op het SPUI in AMSTERDAM (Lieverdje) <\/p>\n<p>4 jaar Intifada en 38 jaar bezetting is meer dan genoeg!<br \/>\n<!--more--><br \/>\nISRAEL: Stop de invasies in Palestijns gebied, landconfiscaties, uitgaansverboden, omsingeling van steden, uithongering van burgers<br \/>\nThe wall must fall &#8211; Weg met de annexatie  muur<br \/>\nBe\u00ebindig de bezetting van de Westoever en Gaza<br \/>\nOntruim alle sinds 1967 gestichte nederzettingen<br \/>\nJeruzalem, hoofdstad voor twee volken! <\/p>\n<p>Deze keer worden we ge\u00efnspireerd door de moedige Amira Hass, die als enige Israelische journaliste in de Bezette Gebieden woont en van daar al jarenlang vanuit eigen waarneming het dagelijks leven en lijden van de Palestijnse bevolking beschrijft voor de Isra\u00eblische krant Ha\u2019 Aretz. Ze zag hoe de bewoners, haar buren, steeds meer werden opgesloten en ge\u00efsoleerd. Want lang v\u00f2\u00f2r de gruwelijke Palestijnse zelfmoordaanslagen, al in 1991, is dat proces begonnen.<\/p>\n<p>Amira gaf vorige week een lezing in Amsterdam georganiseerd door  SIVMO.<\/p>\n<p>Ze memoreerde een artikel dat ze drie jaar geleden had geschreven, waarin ze half ironisch had voorgesteld om de zaken nou eens serieus aan te pakken en niet \u00e9\u00e9n, maar 500 muren te bouwen om elk van de 500 Palestijnse gemeenschappen in de Bezette Gebieden, met bijbehorende soldaten die de laatste spleetjes in de muren zouden bewaken.<\/p>\n<p>Tot haar ontzetting is die voorspelling helemaal uitgekomen en worden de Bezette Gebieden in steeds kleinere levenloze partjes opgesplitst, verbonden door de zogeheten bypass wegen, het door Isra\u00ebliers gemaakte wegennet door de Bezette Gebieden, waarop alleen het Isra\u00eblische leger en de kolonisten kunnen komen. Alle zijwegen, die naar Palestijnse dorpen leiden werden met grote zakken zand en versperringen onbegaanbaar gemaakt.<\/p>\n<p>Maar waar wij vaak niet aan denken, zegt Amira, is dat de Europese hulp, die al jaren naar de Palestijnen gaat, o.a. gebruikt wordt om alternatieve wegen voor de Palestijnen te maken en dus in feite de bezetting sponsort. Dit dubbele wegennet, \u00e9\u00e9n voor Joden en \u00e9\u00e9n voor Palestijnen, houdt de apartheidpolitiek met internationale hulp in stand. Tegelijkertijd wil de Europese Unie geen gebruik maken van haar mogelijkheid om het handelsverdrag met Isra\u00ebl te bevriezen, of enige druk uit te oefenen als partner in de &#8216;Routekaart naar Vrede&#8217; uit 2003 (Road Map).<\/p>\n<p>Amira leidt geregeld veel goedwillende, maar zwaar gefrustreerde Europese diplomaten, door de Bezette Gebieden leidt. Hun gefilterde, afgezwakte bevindingen gaan de bekende la in. Al worden regelmatig resoluties in het Europese parlement afgescheiden die pleiten voor terugtrekking, toch vindt Amira de politiek van de EU dubbelhartig, en dus schadelijk.<\/p>\n<p>Niemand durft zich te verzetten tegen de macht van de Verenigde Staten, die als wereldmacht het beleid bepaalt.<br \/>\nIn dat kader ziet ze ook het succes van de zogeheten joodse lobby in Amerika.<br \/>\nDe VS steunen Isra\u00ebl omdat die voor hen economische en militaire klussen klaart en niet omdat ze iets op hebben met Joden of, zoals vaak in Nederland, zich door schuldgevoel over de 2de Wereld Oorlog laten leiden.<\/p>\n<p>Het zogeheten ontruimingsplan van Gaza ziet ze als logisch onderdeel van de defragmentatie van de Palestijnse samenleving.<\/p>\n<p>In onze februari Nieuwsbrief schreven we al dat het Isra\u00ebl beter uitkomt als Gaza souverein Palestijns Gebied wordt. Ze zijn dan definitief af van hun verplichtingen onder Internationaal Recht ten aanzien van de lijdende bevolking. Een verplichting, waar ze als bezettende macht al niets aan deden en waar de UN al meer dan 35 jaar voor opdraait..<\/p>\n<p>Amira Hass zegt dat Gaza een van buitenaf bestuurde gevangenis wordt, waarin de mensen bewegingsvrijheid krijgen in het gebied, maar er nooit uitkunnen.<\/p>\n<p>De kolonisten, die nu nog in Gaza zitten, gaan de nederzettingen op de Westoever versterken en maken zo een Palestijnse staat onmogelijk. Dit is altijd al de politiek van de achtereen-volgende regeringen geweest, zowel Likud als de Arbeiderspartij wilden enclaves; ze verschilden alleen van mening over het aantal, waaruit de Palestijnse staat zou bestaan.<\/p>\n<p>Wat Amira Hass betreft is de twee staten oplossing een gepasseerd station.<br \/>\nEr komt een acht-staten oplossing: Isra\u00ebl en zeven Palestijnse enclaves, maar het kunnen er ook meer zijn.  <\/p>\n<p>Voor de Palestijnse Autoriteit heeft ze ook geen goed woord over. Doordat Arafat zijn handtekening onder de Oslo Akkoorden zette, heeft hij bewust met de Isra\u00ebliers gecollaboreerd, samen met de huidige Palestijnse president Abu Mazen.<\/p>\n<p>Nergens werd in deze akkoorden ontmanteling of stopzetting van de nederzettingen gegarandeerd, de Isra\u00eblische regering is altijd heel helder over hun intenties. [De woordvoeder van Sharon zei kort geleden openlijk dat ze geen vrede of een Palestijnse staat willen].<\/p>\n<p>Terwijl Vrouwen in het Zwart in die tijd geen wakes meer hielden, omdat we geloofden dat met Oslo alles nu goed zou komen, werden er meer nederzettingen dan ooit gebouwd.<\/p>\n<p>Abu Mazen en Arafat hebben nooit verklaard dat de bezetting de kern van het probleem is, zoals de Palestijnse oppositie, waarvan een kopstuk als Barghouti daarom in de Isra\u00eblische gevangenis zit. Duidelijk is dat Hamas door z\u2019n verzet tegen de bezetting de eerste gemeenteraadsverkiezingen in Gaza  overtuigend gewonnen heeft.<\/p>\n<p>Wat de muur betreft, er zijn inderdaad minder aanslagen en Amira zou er ook niet tegen de muur zijn, wanneer die de offici\u00eble grens (Groene Lijn) zou volgen, maar nu worden er grote delen van het Palestijns grondgebied ingepikt door de bouw, veel meer dan de 8%, die officieel wordt opgegeven, terwijl de nieuwe uitbreiding van de West Bank nederzettingen al is aangekondigd. De muur is niet alleen zeer bedreigend voor de Palestijnen, maar op den duur ook voor de Isra\u00ebliers, die uitsluitend vertrouwen op hun militaire kracht, zonder zich ooit af te vragen of de steun van de VS niet eenmaal zou kunnen verdwijnen, terwijl voor altijd de cipier blijven spelen in het Midden Oosten een normale verhouding met alle landen in de regio uitsluit.<\/p>\n<p>Over de houding van de Isra\u00eblische bevolking is ze ook niet optimistisch, net als over de ingeslapen vredesbeweging, op een paar onvermoeibare groepen na. Door de beroerde economische toestand is er een groeiende sociale onderklasse ontstaan, die belang heeft bij de voortdurende bezetting. Het bezorgt hen goedkope woningen, enorme subsidies, waardoor ze met behulp van goedkope Palestijnse arbeidskrachten in een welvaart kunnen leven, die ze nooit zouden kunnen bereiken in Isr\u00e4el zelf.<\/p>\n<p>Amira  verzet zich al heel lang tegen de bezetting; ze wil aantonen dat joodse Isra\u00ebliers niet alleen maar bezetters, soldaten of kolonisten zijn. In het begin toen ze op de West Bank kwam wonen, geloofde haar Palestijnse buren niet dat ze joods was, omdat ze geen geweer had. Nu geloven ze het niet omdat ze geen tank heeft. In haar omgeving hebben de Palestijnse kinderen het niet meer over Joden, maar over Isr\u00e4elische soldaten. Zelfs in zulke barre levens omstandigheden kunnen mensen nuances blijven zien. Dat is positief. Maar ze begrijpt dat er nog een lange weg te gaan is, met eindeloos veel geduld. Aldus Amira Hass in de Balie.<\/p>\n<p>Wij delen die mening, vriendinnen en vrienden. Dus, trek iets zwart aan en kom vrijdag 6 mei allemaal naar het Spui. We zien elkaar om 12.45 uur<\/p>\n<p>  Graag al uw mails, reacties en sympathiebetuigingen sturen naar info@vrouweninhetzwart.nl. Kijk  s.v.p. uw adressenbestand na, en verander het oude adres osp@xs4all.nl in het bovenstaande. Bedankt.<\/p>\n<p>We waren 27 december op de Multiculturele TV Nederland en 16 januari op de NMO-TV. Beiden goed gemaakte programma&#8217;s. Voor tapes: mail info@vrouweninhetzwart.nl + uw tel.no vermelden<\/p>\n<p>Kijk op onze  vernieuwde WEBSITE, gemaakt door sympathisanten: www.vrouweninhetzwart.nl. <\/p>\n<p> WE hebben met een ontwerpster en 2 technici onze site duidelijker en mooier gemaakt, met foto&#8217;s en binnenkort achtergrondsartikelen. Is haast af maar we hebben uw gift echt nog nodig; stort daarom svp uw donatie op: Postbank: 9399562 t.n.v. Stichting Vrouwen in het Zwart Amsterdam.<\/p>\n<p>Met dank voor de gulle gevers in maart <\/p>\n","protected":false},"excerpt":{"rendered":"<p>Te gast: OPROEP VAN VROUWEN IN HET ZWART houden een wake op vrijdag 6 mei 2005 vanaf 12.45 uur op het SPUI in AMSTERDAM (Lieverdje) 4 jaar Intifada en 38 jaar bezetting is meer dan genoeg!<\/p>\n","protected":false},"author":2,"featured_media":0,"comment_status":"open","ping_status":"open","sticky":false,"template":"","format":"standard","meta":{"footnotes":"","_jetpack_memberships_contains_paid_content":false},"categories":[2],"tags":[194],"jetpack_sharing_enabled":true,"jetpack_featured_media_url":"","_links":{"self":[{"href":"https:\/\/www.anjameulenbelt.nl\/weblog\/wp-json\/wp\/v2\/posts\/938"}],"collection":[{"href":"https:\/\/www.anjameulenbelt.nl\/weblog\/wp-json\/wp\/v2\/posts"}],"about":[{"href":"https:\/\/www.anjameulenbelt.nl\/weblog\/wp-json\/wp\/v2\/types\/post"}],"author":[{"embeddable":true,"href":"https:\/\/www.anjameulenbelt.nl\/weblog\/wp-json\/wp\/v2\/users\/2"}],"replies":[{"embeddable":true,"href":"https:\/\/www.anjameulenbelt.nl\/weblog\/wp-json\/wp\/v2\/comments?post=938"}],"version-history":[{"count":2,"href":"https:\/\/www.anjameulenbelt.nl\/weblog\/wp-json\/wp\/v2\/posts\/938\/revisions"}],"predecessor-version":[{"id":55637,"href":"https:\/\/www.anjameulenbelt.nl\/weblog\/wp-json\/wp\/v2\/posts\/938\/revisions\/55637"}],"wp:attachment":[{"href":"https:\/\/www.anjameulenbelt.nl\/weblog\/wp-json\/wp\/v2\/media?parent=938"}],"wp:term":[{"taxonomy":"category","embeddable":true,"href":"https:\/\/www.anjameulenbelt.nl\/weblog\/wp-json\/wp\/v2\/categories?post=938"},{"taxonomy":"post_tag","embeddable":true,"href":"https:\/\/www.anjameulenbelt.nl\/weblog\/wp-json\/wp\/v2\/tags?post=938"}],"curies":[{"name":"wp","href":"https:\/\/api.w.org\/{rel}","templated":true}]}}