{"id":94475,"date":"2013-04-29T09:18:57","date_gmt":"2013-04-29T07:18:57","guid":{"rendered":"http:\/\/www.anjameulenbelt.nl\/weblog\/2013\/04\/29\/"},"modified":"2013-05-12T20:52:25","modified_gmt":"2013-05-12T18:52:25","slug":"gideon-levy-tijd-voor-een-staat-voor-twee-volken","status":"publish","type":"post","link":"https:\/\/www.anjameulenbelt.nl\/weblog\/2013\/04\/29\/gideon-levy-tijd-voor-een-staat-voor-twee-volken\/","title":{"rendered":"Gideon Levy: tijd voor \u00e9\u00e9n staat voor twee volken"},"content":{"rendered":"<p><img loading=\"lazy\" decoding=\"async\" src=\"https:\/\/www.anjameulenbelt.nl\/weblog\/wp-content\/uploads\/2011\/04\/Balie-26-of-1.jpg\" alt=\"\" title=\"- Balie (26 of 1)\" width=\"500\" height=\"376\" class=\"alignnone size-full wp-image-41201\" srcset=\"https:\/\/www.anjameulenbelt.nl\/weblog\/wp-content\/uploads\/2011\/04\/Balie-26-of-1.jpg 500w, https:\/\/www.anjameulenbelt.nl\/weblog\/wp-content\/uploads\/2011\/04\/Balie-26-of-1-300x225.jpg 300w\" sizes=\"(max-width: 500px) 100vw, 500px\" \/><br \/>\n(<em>Gideon Levy<\/em>)<\/p>\n<p>Het is tijd dat Isra\u00ebl en Palestina \u00e9\u00e9n staat worden, \u00e9\u00e9n staat voor twee volken. In feite is dat het al. Het wordt bewoond door meer dan twee volken, door joden en Arabieren, ultraorthodoxe joden, religieuze zionisten en seculiere joden, door joden uit het Midden-Oosten en uit Europa, door kolonisten en Palestijnen, scheef de Isra\u00eblische journalist Gideon Levy gisteren.<br \/>\n<!--more--><br \/>\nAlleen, d\u00e9ze staat wordt gekenmerkt door onrecht en ongelijkheid. En dat moet anders. Iedereen die er woont moet het recht hebben om te stemmen, en vertegenwoordigd te worden. Het zou een grondwet moeten hebben (Isra\u00ebl heeft nu geen grondwet, AM) die de rechten beschermt van alle gemeenschappen en minderheden &#8211; inclusief een immigratiebeleid  zoals andere landen die ook hebben. (In Isra\u00ebl hebben alle joden recht op staatsburgerschap, maar voor niet-joden is daar bijna niet aan te komen, ook niet voor Palestijnen van wie de voorouders er al generaties woonden, AM) <\/p>\n<p>Ja dat betekent het einde van de zionistische droom. Het betekent ook het einde van de droom van een Palestijnse staat. Dat zal voor veel Isra\u00eblische joden lijken op het eind van de wereld, het einde van waar ze al die tijd in geloofd en voor gevochten hebben, en die droom is niet eenvoudig op te geven, het doet pijn. Maar wat ervoor in de plaats zou komen is onvergelijkelijk veel beter en duurzamer &#8211; want rechtvaardiger. Lees Gideon Levy die wederom zijn nek uitsteekt. <\/p>\n<p><strong>Time to be single-minded<\/strong><\/p>\n<p>The end of the world? Why? Arabs and Jews already live together today, but discrimination, inequality, past tensions, racism, nationalism and mutual fear hinder relations between them. <\/p>\n<p>If you will it, it is no dream: one just state for two peoples. The establishment of a Jewish State was perceived as something no less crazy less than 100 years ago. Subversive? The establishment of a Palestinian state was considered no less subversive even less than three decades ago.<\/p>\n<p>One state for two peoples? It has already existed for a while now. More than two peoples live in it &#8211; Jews and Arabs; ultra-Orthodox Jews; religious Zionist and secular Jews; Jews of Middle-Eastern descent and Jews of European descent; settlers and Palestinians. Over time, the distance that separates these communities grows larger.<\/p>\n<p>Somehow, they live together in one state, but one where justice and equality are absent. This, though, is how an imaginary, just state would appear: It would grant everyone the right to vote, and have a democratic constitution that would protect the rights of all communities and minorities &#8211; including an immigration policy like that of all other nations.<\/p>\n<p>Such a state would have a legislature that would reflect the mosaic of the country, and an elected government formed by a coalition of the communities and the two peoples&#8217; representatives. Yes, a Jewish prime minister with an Arab deputy, or vice versa.<\/p>\n<p>The end of the world? Why? Arabs and Jews already live together today, but discrimination, inequality, past tensions, racism, nationalism and mutual fear hinder relations between them. These will gradually dissipate, and most of the dangers currently in store for the country will disappear with one state for two peoples.<\/p>\n<p>At home, an egalitarian country like this would defuse most of the hatreds that bubble up from within. Arab citizens and Palestinians, with equal rights, will lose their subversive drive against the state that alienated them and dispossessed them of their rights. It will become their country. The Jews are likely to find that most of their fears were for naught: the moment that justice is established, the dangers &#8211; real and imagined &#8211; will be subdued.<\/p>\n<p><img decoding=\"async\" id=\"image2500\" alt=Levy1.jpg src=\"https:\/\/www.anjameulenbelt.nl\/weblog\/wp-content\/uploads\/2006\/07\/Levy1.jpg\" \/><\/p>\n<p>Even more dramatic will be the disintegration of external threats. Iran, Syria, Hezbollah, Hamas and the rest of the &#8220;Axis of Evil&#8221; will lose the basis for their hatred. Who, then, will Iran threaten? A Jewish-Palestinian state? And who will Hezbollah and Hamas fire their missiles at? Against a Jewish-Palestinian consensus? Even the international stature of the new state will change in an instant: the world will excitedly embrace it and hurry to funnel large-scale aid to it.<\/p>\n<p>This country will prosper when the massive budgets invested by both sides in preserving their own security will be redirected to other goals. Its fault lines will run, like in every other country, between the rich and poor, the educated and uneducated, the success stories and laggards. In the initial period, these successes will be the country&#8217;s Jews, who will prosper because their society is more developed, but the equality of opportunity can&#8217;t help but gradually bridge the gaps.<\/p>\n<p>These imagined goals won&#8217;t be achieved in one day alone. The realization of this fantasy will be achieved through a long, difficult and complex process of liberation from old beliefs and values that were destructive for both nations. It will also require the overcoming of deep fears that are no less destructive, and drawing a line under the past.<\/p>\n<p>The Jews will be forced to give up the dream of a national state, likewise the Palestinians. This will be the end of Zionism in its existing form, something very painful for those who have grown used to believing that it is the only way. But it will be replaced by something incomparably more just and sustainable.<\/p>\n<p>The moment Israel&#8217;s Jews are persuaded that the Palestinians are humans like them, with everything this implies, the path will become a shorter one and become possible if a new leadership arises among the two peoples. Not a new politics of old and bad thinking, but truly revolutionary leadership that shatters old and bad paradigms and neutralizes fears.<br \/>\nAt least two are required for this tango, and at present there isn&#8217;t even one. This dance will require a great deal of courage and imagination: right now, there is neither one nor the other. But think of the alternative &#8211; where does it lead? To another round in this bloody dance? And another round after that? But what about afterward? There aren&#8217;t many Israelis today who know how to answer which way the county is headed. To them, let it be said: If you wish a single, just state, it is no dream.<\/p>\n","protected":false},"excerpt":{"rendered":"<p>(Gideon Levy) Het is tijd dat Isra\u00ebl en Palestina \u00e9\u00e9n staat worden, \u00e9\u00e9n staat voor twee volken. In feite is dat het al. Het wordt bewoond door meer dan twee volken, door joden en Arabieren, ultraorthodoxe joden, religieuze zionisten en &hellip; <a href=\"https:\/\/www.anjameulenbelt.nl\/weblog\/2013\/04\/29\/gideon-levy-tijd-voor-een-staat-voor-twee-volken\/\">Lees verder <span class=\"meta-nav\">&rarr;<\/span><\/a><\/p>\n","protected":false},"author":2,"featured_media":0,"comment_status":"closed","ping_status":"closed","sticky":false,"template":"","format":"standard","meta":{"footnotes":"","_jetpack_memberships_contains_paid_content":false},"categories":[2],"tags":[43],"jetpack_sharing_enabled":true,"jetpack_featured_media_url":"","_links":{"self":[{"href":"https:\/\/www.anjameulenbelt.nl\/weblog\/wp-json\/wp\/v2\/posts\/94475"}],"collection":[{"href":"https:\/\/www.anjameulenbelt.nl\/weblog\/wp-json\/wp\/v2\/posts"}],"about":[{"href":"https:\/\/www.anjameulenbelt.nl\/weblog\/wp-json\/wp\/v2\/types\/post"}],"author":[{"embeddable":true,"href":"https:\/\/www.anjameulenbelt.nl\/weblog\/wp-json\/wp\/v2\/users\/2"}],"replies":[{"embeddable":true,"href":"https:\/\/www.anjameulenbelt.nl\/weblog\/wp-json\/wp\/v2\/comments?post=94475"}],"version-history":[{"count":6,"href":"https:\/\/www.anjameulenbelt.nl\/weblog\/wp-json\/wp\/v2\/posts\/94475\/revisions"}],"predecessor-version":[{"id":94478,"href":"https:\/\/www.anjameulenbelt.nl\/weblog\/wp-json\/wp\/v2\/posts\/94475\/revisions\/94478"}],"wp:attachment":[{"href":"https:\/\/www.anjameulenbelt.nl\/weblog\/wp-json\/wp\/v2\/media?parent=94475"}],"wp:term":[{"taxonomy":"category","embeddable":true,"href":"https:\/\/www.anjameulenbelt.nl\/weblog\/wp-json\/wp\/v2\/categories?post=94475"},{"taxonomy":"post_tag","embeddable":true,"href":"https:\/\/www.anjameulenbelt.nl\/weblog\/wp-json\/wp\/v2\/tags?post=94475"}],"curies":[{"name":"wp","href":"https:\/\/api.w.org\/{rel}","templated":true}]}}