{"id":98741,"date":"2013-09-30T09:53:36","date_gmt":"2013-09-30T07:53:36","guid":{"rendered":"http:\/\/www.anjameulenbelt.nl\/weblog\/2013\/09\/30\/"},"modified":"2013-10-19T10:41:06","modified_gmt":"2013-10-19T08:41:06","slug":"een-ander-joods-geluid-roept-op-peres-kritisch-tegemoet-te-treden","status":"publish","type":"post","link":"https:\/\/www.anjameulenbelt.nl\/weblog\/2013\/09\/30\/een-ander-joods-geluid-roept-op-peres-kritisch-tegemoet-te-treden\/","title":{"rendered":"Een Ander Joods Geluid roept op Peres kritisch tegemoet te treden"},"content":{"rendered":"<p> <a href='https:\/\/www.anjameulenbelt.nl\/weblog\/wp-content\/uploads\/2008\/07\/gent-420.jpg' title='gent-420.jpg'><img src='https:\/\/www.anjameulenbelt.nl\/weblog\/wp-content\/uploads\/2008\/07\/gent-420.jpg' alt='gent-420.jpg' \/><\/a><br \/>\n<em>(Jaap Hamburger)<\/em><\/p>\n<p>Een Ander Joods Geluid roept Premier Rutte, Minister Timmermans en de Eerste en Tweede Kamer op om de Isra\u00eblische president Shimon Peres kritisch tegemoet te treden. Vanochtend verscheen in de Volkskrant een advertentie, ondertekend door Een Ander Joods Geluid, Stichting de Initiatieven en gate48, waarin verschillende redenen werden gegeven om het charmeoffensief van Peres niet voor zoete koek te slikken.<br \/>\n <!--more--><br \/>\nPeres bezoekt ons land van 29 september tot en met 2 oktober en wordt onder meer ontvangen in de Senaatszaal, door Premier Rutte en Koning Willem-Alexander. \u201cPeres is welkom als president van de Staat Isra\u00ebl, maar dat ontslaat zijn Nederlandse gesprekspartners niet van hun plicht hem kritisch te bevragen over zijn rol in het Isra\u00eblische nederzettingenbeleid en de opstelling van de Isra\u00eblische regering in het vredesproces. Het is in het belang van Isra\u00ebl dat Nederland zich opstelt als een goede maar kritische vriend\u201d aldus Jaap Hamburger, voorzitter van Een Ander Joods Geluid.<\/p>\n<p>In de advertentie op de voorpagina van de Volkskrant stellen Een Ander Joods Geluid, Stichting De Initiatieven van Harry de Winter en gate48 &#8211; Platform voor Kritische Isra\u00ebli\u2019s in Nederland, dat er tijdens het bezoek ook aandacht moet zijn voor Isra\u00ebls schaduwkanten. \u201cPeres heeft een groot deel van zijn politieke carri\u00e8re actief uitvoering gegeven aan zowel het Isra\u00eblische nederzettingenbeleid als aan het atoomprogramma. De laatste jaren heeft hij zich stelliger uitgesproken tegen de nederzettingen, en dat is bewonderenswaardig. Als het om Syri\u00eb en Iran gaat, moeten op woorden daden volgen, zegt Peres. Des te opvallender is het dat de huidige Isra\u00eblische regering de nederzettingenpolitiek onverminderd doorzet, en alleen onder internationale druk bereid lijkt te zijn deel te nemen aan het vredesproces\u201d aldus Hamburger.<\/p>\n<p>Een Ander Joods Geluid vindt het daarnaast niet op zijn plaats dat de Isra\u00eblische president met alle politieke egards wordt ontvangen. \u201cEen ontmoeting met zowel de Eerste als de Tweede Kamer tijdens een dergelijk bezoek is een voorrecht. Laten we hem dat voorrecht gunnen zodra Peres woorden heeft omgezet in daden, en het Isra\u00eblisch-Palestijnse conflict daadwerkelijk vreedzaam is be\u00ebindigd.\u201d<\/p>\n","protected":false},"excerpt":{"rendered":"<p>(Jaap Hamburger) Een Ander Joods Geluid roept Premier Rutte, Minister Timmermans en de Eerste en Tweede Kamer op om de Isra\u00eblische president Shimon Peres kritisch tegemoet te treden. Vanochtend verscheen in de Volkskrant een advertentie, ondertekend door Een Ander Joods &hellip; <a href=\"https:\/\/www.anjameulenbelt.nl\/weblog\/2013\/09\/30\/een-ander-joods-geluid-roept-op-peres-kritisch-tegemoet-te-treden\/\">Lees verder <span class=\"meta-nav\">&rarr;<\/span><\/a><\/p>\n","protected":false},"author":2,"featured_media":0,"comment_status":"closed","ping_status":"closed","sticky":false,"template":"","format":"standard","meta":{"footnotes":"","_jetpack_memberships_contains_paid_content":false},"categories":[145,2],"tags":[82],"jetpack_sharing_enabled":true,"jetpack_featured_media_url":"","_links":{"self":[{"href":"https:\/\/www.anjameulenbelt.nl\/weblog\/wp-json\/wp\/v2\/posts\/98741"}],"collection":[{"href":"https:\/\/www.anjameulenbelt.nl\/weblog\/wp-json\/wp\/v2\/posts"}],"about":[{"href":"https:\/\/www.anjameulenbelt.nl\/weblog\/wp-json\/wp\/v2\/types\/post"}],"author":[{"embeddable":true,"href":"https:\/\/www.anjameulenbelt.nl\/weblog\/wp-json\/wp\/v2\/users\/2"}],"replies":[{"embeddable":true,"href":"https:\/\/www.anjameulenbelt.nl\/weblog\/wp-json\/wp\/v2\/comments?post=98741"}],"version-history":[{"count":5,"href":"https:\/\/www.anjameulenbelt.nl\/weblog\/wp-json\/wp\/v2\/posts\/98741\/revisions"}],"predecessor-version":[{"id":99079,"href":"https:\/\/www.anjameulenbelt.nl\/weblog\/wp-json\/wp\/v2\/posts\/98741\/revisions\/99079"}],"wp:attachment":[{"href":"https:\/\/www.anjameulenbelt.nl\/weblog\/wp-json\/wp\/v2\/media?parent=98741"}],"wp:term":[{"taxonomy":"category","embeddable":true,"href":"https:\/\/www.anjameulenbelt.nl\/weblog\/wp-json\/wp\/v2\/categories?post=98741"},{"taxonomy":"post_tag","embeddable":true,"href":"https:\/\/www.anjameulenbelt.nl\/weblog\/wp-json\/wp\/v2\/tags?post=98741"}],"curies":[{"name":"wp","href":"https:\/\/api.w.org\/{rel}","templated":true}]}}